{"id":672,"date":"2022-03-12T21:41:40","date_gmt":"2022-03-12T21:41:40","guid":{"rendered":"https:\/\/dtste.hu\/?p=672"},"modified":"2022-03-12T21:41:40","modified_gmt":"2022-03-12T21:41:40","slug":"celkeresztben-a-pecsi-sportpalyak-korkep-labdarugasunk-helyi-multjarol-iii-resz-pbtc-palya-video","status":"publish","type":"post","link":"https:\/\/dtste.hu\/?p=672","title":{"rendered":"C\u00e9lkeresztben a p\u00e9csi sportp\u00e1ly\u00e1k \u2013 k\u00f6rk\u00e9p labdar\u00fag\u00e1sunk helyi m\u00faltj\u00e1r\u00f3l. III. r\u00e9sz: PBTC-p\u00e1lya (vide\u00f3)"},"content":{"rendered":"\n<figure class=\"wp-block-embed is-type-video is-provider-youtube wp-block-embed-youtube wp-embed-aspect-4-3 wp-has-aspect-ratio\"><div class=\"wp-block-embed__wrapper\">\n<iframe title=\"C\u00e9lkeresztben a p\u00e9csi sportp\u00e1ly\u00e1k \u2013 k\u00f6rk\u00e9p labdar\u00fag\u00e1sunk helyi m\u00faltj\u00e1r\u00f3l. III. r\u00e9sz: PBTC-p\u00e1lya\" width=\"1220\" height=\"915\" src=\"https:\/\/www.youtube.com\/embed\/LSbp4AZX8WA?feature=oembed\" frameborder=\"0\" allow=\"accelerometer; autoplay; clipboard-write; encrypted-media; gyroscope; picture-in-picture\" allowfullscreen><\/iframe>\n<\/div><\/figure>\n\n\n\n<p>Vide\u00f3sorozatunk harmadik r\u00e9sz\u00e9ben a V\u00e1rk\u0151i Ferenc Di\u00e1ksport K\u00f6zpontba l\u00e1togatunk el, amely kor\u00e1bban a p\u00e9csi b\u0151rgy\u00e1r sporttelepek\u00e9nt volt ismert a baranyai megyesz\u00e9khelyen. A l\u00e9tes\u00edtm\u00e9ny rendk\u00edv\u00fcl hossz\u00fa \u2013 mintegy 90 esztend\u0151s \u2013 m\u00faltra tekint vissza, 1932-t\u0151l kezdve haszn\u00e1lj\u00e1k. <\/p>\n\n\n\n<p>Tekintve, hogy a b\u0151rgy\u00e1ri focist\u00e1k \u2013 akiknek a csapata els\u0151sorban PBTC r\u00f6vid\u00edt\u00e9ssel t\u0171nik fel a korabeli sporth\u00edrekben \u2013 sohasem ker\u00fcltek fel a magyar els\u0151 oszt\u00e1lyba, eg\u00e9szen 1945 \u0151sz\u00e9ig kellett v\u00e1rni arra, hogy \u00e9lvonalbeli labdar\u00fag\u00f3-m\u00e9rk\u0151z\u00e9st rendezzenek a p\u00e1ly\u00e1n. A m\u00e1sodik vil\u00e1gh\u00e1bor\u00fa ut\u00e1ni els\u0151 bajnoki \u00e9vadban az akkor saj\u00e1t stadionnal nem rendelkez\u0151 P\u00e9csi VSK csapott itt \u00f6ssze a Szentl\u0151rinci AC egy\u00fcttes\u00e9vel, s gy\u0151z\u00f6tt 4:2-re. (Ut\u00f3bbi csapat alatt az akkor m\u00e9g \u00f6n\u00e1ll\u00f3 telep\u00fcl\u00e9sk\u00e9nt l\u00e9tez\u0151, de ma m\u00e1r Budapesthez tartoz\u00f3 Pestszentl\u0151rinc egy\u00fcttese \u00e9rtend\u0151.) <\/p>\n\n\n\n<p>A helysz\u00edn k\u00fcl\u00f6nlegess\u00e9g\u00e9nek nevezhet\u0151 a kezdetekt\u0151l itt \u00e1ll\u00f3, \u00f3don, faszerkezet\u0171 lel\u00e1t\u00f3, amely k\u00fcl\u00f6nleges hangulatot k\u00f6lcs\u00f6n\u00f6z a sporttelep sz\u00e1m\u00e1ra. M\u00e1s k\u00e9rd\u00e9s, hogy a p\u00e9csi sportl\u00e9tes\u00edtm\u00e9nyek helyzet\u00e9t illet\u0151en kritikak\u00e9nt is felfoghat\u00f3, hogy napjainkban is ez a v\u00e1ros legnagyobb ilyen jelleg\u0171, \u00f6sszef\u00fcgg\u0151, szabadt\u00e9ri fedett n\u00e9z\u0151tere.<\/p>\n\n\n\n<p>Vide\u00f3nkban a hely- \u00e9s sportt\u00f6rt\u00e9neti vonatkoz\u00e1sokat W\u00e9ber Adrienn t\u00f6rt\u00e9n\u00e9sz, illetve Pucz P\u00e9ter \u00fajs\u00e1g\u00edr\u00f3 ismerteti.<\/p>\n\n\n\n<p>A vide\u00f3 k\u00e9sz\u00edt\u00e9s\u00e9t a Minisztereln\u00f6ks\u00e9g \u00e9s a Bethlen G\u00e1bor Alapkezel\u0151 Zrt. a V\u00e1rosi Civil Alap 2021 p\u00e1ly\u00e1zat keret\u00e9n bel\u00fcl t\u00e1mogatta.<\/p>\n\n\n\n<p><\/p>\n\n\n\n<p><\/p>\n","protected":false},"excerpt":{"rendered":"<p>Vide\u00f3sorozatunk harmadik r\u00e9sz\u00e9ben a V\u00e1rk\u0151i Ferenc Di\u00e1ksport K\u00f6zpontba l\u00e1togatunk el, amely kor\u00e1bban a p\u00e9csi b\u0151rgy\u00e1r sporttelepek\u00e9nt volt ismert a baranyai megyesz\u00e9khelyen. A l\u00e9tes\u00edtm\u00e9ny rendk\u00edv\u00fcl hossz\u00fa \u2013<span class=\"excerpt-hellip\"> [\u2026]<\/span><\/p>\n","protected":false},"author":1,"featured_media":675,"comment_status":"open","ping_status":"open","sticky":false,"template":"","format":"standard","meta":{"footnotes":""},"categories":[3],"tags":[78,42,74,15,68,27,57,60,77,67,76,80,69],"class_list":["post-672","post","type-post","status-publish","format-standard","has-post-thumbnail","hentry","category-hirek","tag-atletika","tag-dunantul","tag-ismeretterjesztes","tag-labdarugas","tag-latvanyossag","tag-pecs","tag-sport","tag-sportpalya","tag-tortenelem","tag-turisztika","tag-utca","tag-varkoi","tag-video"],"_links":{"self":[{"href":"https:\/\/dtste.hu\/index.php?rest_route=\/wp\/v2\/posts\/672","targetHints":{"allow":["GET"]}}],"collection":[{"href":"https:\/\/dtste.hu\/index.php?rest_route=\/wp\/v2\/posts"}],"about":[{"href":"https:\/\/dtste.hu\/index.php?rest_route=\/wp\/v2\/types\/post"}],"author":[{"embeddable":true,"href":"https:\/\/dtste.hu\/index.php?rest_route=\/wp\/v2\/users\/1"}],"replies":[{"embeddable":true,"href":"https:\/\/dtste.hu\/index.php?rest_route=%2Fwp%2Fv2%2Fcomments&post=672"}],"version-history":[{"count":4,"href":"https:\/\/dtste.hu\/index.php?rest_route=\/wp\/v2\/posts\/672\/revisions"}],"predecessor-version":[{"id":677,"href":"https:\/\/dtste.hu\/index.php?rest_route=\/wp\/v2\/posts\/672\/revisions\/677"}],"wp:featuredmedia":[{"embeddable":true,"href":"https:\/\/dtste.hu\/index.php?rest_route=\/wp\/v2\/media\/675"}],"wp:attachment":[{"href":"https:\/\/dtste.hu\/index.php?rest_route=%2Fwp%2Fv2%2Fmedia&parent=672"}],"wp:term":[{"taxonomy":"category","embeddable":true,"href":"https:\/\/dtste.hu\/index.php?rest_route=%2Fwp%2Fv2%2Fcategories&post=672"},{"taxonomy":"post_tag","embeddable":true,"href":"https:\/\/dtste.hu\/index.php?rest_route=%2Fwp%2Fv2%2Ftags&post=672"}],"curies":[{"name":"wp","href":"https:\/\/api.w.org\/{rel}","templated":true}]}}