{"id":4115,"date":"2026-03-17T01:17:29","date_gmt":"2026-03-17T01:17:29","guid":{"rendered":"https:\/\/dtste.hu\/?p=4115"},"modified":"2026-03-17T01:27:56","modified_gmt":"2026-03-17T01:27:56","slug":"zajacz-gabor-a-kereszteny-kelet-jelenlete-baranya-varmegyeben-a-gorogkatolikussag-helyzete-a-kommunizmus-alatt-video","status":"publish","type":"post","link":"https:\/\/dtste.hu\/?p=4115","title":{"rendered":"Zaj\u00e1cz G\u00e1bor: A kereszt\u00e9ny kelet jelenl\u00e9te Baranya v\u00e1rmegy\u00e9ben, a g\u00f6r\u00f6gkatolikuss\u00e1g helyzete a kommunizmus alatt (vide\u00f3)"},"content":{"rendered":"\n<figure class=\"wp-block-embed is-type-video is-provider-youtube wp-block-embed-youtube wp-embed-aspect-16-9 wp-has-aspect-ratio\"><div class=\"wp-block-embed__wrapper\">\n<iframe title=\"Zaj\u00e1cz G\u00e1bor: A kereszt\u00e9ny kelet jelenl\u00e9te Baranya v\u00e1rmegy\u00e9ben\" width=\"1220\" height=\"686\" src=\"https:\/\/www.youtube.com\/embed\/qK73JZCGI4c?feature=oembed\" frameborder=\"0\" allow=\"accelerometer; autoplay; clipboard-write; encrypted-media; gyroscope; picture-in-picture; web-share\" referrerpolicy=\"strict-origin-when-cross-origin\" allowfullscreen><\/iframe>\n<\/div><\/figure>\n\n\n\n<p><\/p>\n\n\n\n<p>Egyes\u00fclet\u00fcnk 2025. november 25-\u00e9n, Pillanatk\u00e9pek Baranya v\u00e1rmegye helyt\u00f6rt\u00e9net\u00e9b\u0151l (IX.) c\u00edmmel helyismereti konferenci\u00e1t rendezett P\u00e9csett, a Megyeh\u00e1za Sz\u00e9chenyi t\u00e9ri \u00e9p\u00fclet\u00e9ben. A tal\u00e1lkoz\u00f3 negyedik el\u0151ad\u00e1s\u00e1t Zaj\u00e1cz G\u00e1bor atya, a g\u00f6r\u00f6katolikus egyh\u00e1z par\u00f3kusa tartotta.<\/p>\n\n\n\n<p><strong>\u00d6sszefoglal\u00f3:<\/strong><\/p>\n\n\n\n<p>El\u0151ad\u00e1som sor\u00e1n egy id\u0151vonalon szeretn\u00e9k meg\u00e9rkezni a mai napig. Kezdete egy sajn\u00e1latos esem\u00e9ny, amelyet egyh\u00e1zszakad\u00e1snak h\u00edvunk. Ez \u00e1ltal kaphatunk magyar\u00e1zatot az al\u00e1bbi k\u00e9rd\u00e9sekre. Mi\u00e9rt alakult ki k\u00e9t egyh\u00e1zszervezet? Mi lett az eredm\u00e9nye ennek a szakad\u00e1snak \u00e9s hogyan dolgozott az egyh\u00e1z azon, hogy a t\u00f6rt\u00e9ntek ellen\u00e9re m\u00e9gis egy \u00e9s egys\u00e9ges legyen? <\/p>\n\n\n\n<p>Az els\u0151 esem\u00e9ny, amely a k\u00e9t egyh\u00e1zr\u00e9szt teljes eg\u00e9sz\u00e9ben \u00e9rintette, az 1439\u20131452 k\u00f6z\u00f6tt megrendezett b\u00e1zel\u2013ferrara\u2013firenzei zsinat, amely sor\u00e1n VIII. Palailogosz J\u00e1nos \u00e9s a p\u00e1pa k\u00f6vete megegyezett abban, hogy l\u00e9trej\u00f6n az egys\u00e9g. A nyugati latin egyh\u00e1z azonban nem t\u00e1mogatta a keleti uralkod\u00f3t, aki a t\u00f6r\u00f6kkel szemben k\u00e9rt seg\u00edts\u00e9get. S\u0151t a keresztes h\u00e1bor\u00fab\u00f3l hazat\u00e9rve latin patriark\u00e1tust \u00e1ll\u00edtottak f\u00f6l Biz\u00e1ncban, ezzel v\u00e9g\u00e9rv\u00e9nyess\u00e9 t\u00e9ve az egyh\u00e1zszakad\u00e1st.<\/p>\n\n\n\n<p>Az els\u0151 region\u00e1lis esem\u00e9nyre k\u00f6zel 400 \u00e9vet kellett v\u00e1rni, ezt k\u00f6vett\u00e9k a r\u00e9szleges uni\u00f3k. Az els\u0151 region\u00e1lis esem\u00e9ny 1596-ban Breszt v\u00e1ros\u00e1ban t\u00f6rt\u00e9nt, ahol a lengyel\u2013litv\u00e1n hat\u00e1ron \u00e9l\u0151 keleti \u00e9s latin p\u00fcsp\u00f6ks\u00e9gek meg\u00e1llapodtak az egyes\u00fclt egyh\u00e1z l\u00e9trehoz\u00e1s\u00e1ban. Ennek a kornak nagy v\u00e9rtan\u00faja Szent Jozaf\u00e1t p\u00fcsp\u00f6k, aki a d\u00fch\u00f6s ortodox t\u00f6megek \u00e1ltal szenvedett v\u00e9rtan\u00fas\u00e1got.<\/p>\n\n\n\n<p>A k\u00f6vetkez\u0151 uni\u00f3ra akkor ker\u00fclt sor, amikor a t\u00f6r\u00f6k ellen menek\u00fcl\u0151 szerbek el\u0151jogokat kaptak \u00e9s \u00edgy csatlakoztak a katolikus egyh\u00e1zhoz. Ez M\u00e1rcsa k\u00f6rny\u00e9k\u00e9n t\u00f6rt\u00e9nt, ez\u00e9rt ezt az uni\u00f3t marcsai uni\u00f3nak h\u00edvj\u00e1k, amely a k\u00e9s\u0151bbi k\u0151r\u00f6si g\u00f6r\u00f6gkatolikus egyh\u00e1zmegy\u00e9nek az \u0151se.<\/p>\n\n\n\n<p>Az ungv\u00e1ri uni\u00f3ra 1646-ban ker\u00fclt sor, itt m\u00e1r magyar ter\u00fcleten bontakozik ki az egys\u00e9g gondolata, amelyet 20 \u00e9vre r\u00e1 k\u00f6vet a munk\u00e1csi uni\u00f3. A rom\u00e1n ter\u00fcleteken sokkal k\u00e9s\u0151bb, az 1700-as \u00e9vekben alakult ki az egys\u00e9g gondolata, \u00e9s alak\u00edtottak meg \u00edgy k\u00e9t rom\u00e1n egyh\u00e1zmegy\u00e9t. Ek\u00f6zben Magyarorsz\u00e1gon a szabads\u00e1gharc eredm\u00e9nyek\u00e9ppen a g\u00f6r\u00f6gkatolikusokat az Egri Egyh\u00e1zmegye fennhat\u00f3s\u00e1ga al\u00e1 helyezt\u00e9k, \u00fagynevezett ritus vicarius ir\u00e1ny\u00edt\u00e1sa al\u00e1. Ez a megold\u00e1s nem volt p\u00fcsp\u00f6ki rang\u00fa \u00e9s nem volt egyh\u00e1zmegyei helyi szint\u0171 \u00e1llapot. <\/p>\n\n\n\n<p>Magyarorsz\u00e1gon ekkor egy jelent\u0151s esem\u00e9ny t\u00f6rt\u00e9nt: M\u00e1riap\u00f3cson, egy kis szabolcsi faluban 1696 november\u00e9ben k\u00f6nnyezni kezdett az Istensz\u00fcl\u0151 ikon. A II. R\u00e1k\u00f3czi Ferenc \u00e1ltal vezetett szabads\u00e1gharcot lez\u00e1r\u00f3 szabolcsi zsinat kik\u00f6ti, hogy az ikont adj\u00e1k vissza a m\u00e1riap\u00f3csiaknak. Erre az\u00e9rt volt sz\u00fcks\u00e9g mert a szabads\u00e1gharc alatt I. Lip\u00f3t B\u00e9csbe vitette. Ott az eredeti ikon nem k\u00f6nnyezett, viszont a P\u00f3csra ker\u00fclt m\u00e1solat m\u00e9g k\u00e9tszer mutatta meg e csod\u00e1t.<\/p>\n\n\n\n<p>K\u00f6vetkez\u0151 \u00e1llom\u00e1s az id\u0151vonalon m\u00e1r P\u00e9cs v\u00e1ros\u00e1hoz k\u00f6t\u0151dik, \u00e9s az 1739-ben vagy 1756-ban alap\u00edtott kis fogadalmi templomr\u00f3l, a Xav\u00e9ri Szent Ferenc-templomr\u00f3l sz\u00f3l, amelyet II. Lip\u00f3t cs\u00e1sz\u00e1r rendelt el a Szenth\u00e1roms\u00e1g szobrok \u00e1ll\u00edt\u00e1s\u00e1val egy\u00fctt fogadalmi aj\u00e1nd\u00e9kk\u00e9nt a pestis j\u00e1rv\u00e1nyt\u00f3l val\u00f3 megmenek\u00fcl\u00e9sek miatt. A k\u00e1polna \u00fcgy\u00e9t Graczky Ferenc vette v\u00e9d\u0151sz\u00e1rnyai al\u00e1, aki neves p\u00e9csi mec\u00e9n\u00e1s volt, \u00e9s akinek a f\u00f6ldi maradv\u00e1nyai a mai napig a templomban tal\u00e1lhat\u00f3ak. <\/p>\n\n\n\n<p>A templom ekkor a v\u00e1ros hat\u00e1r\u00e1ban \u00e9p\u00fclt pestistemet\u0151 szomsz\u00e9ds\u00e1g\u00e1ban \u00e1llt. D\u00edsz\u00edt\u00e9sei k\u00f6z\u00e9 ez\u00e9rt ker\u00fclt Szent R\u00f3kus, illetve Szent Roz\u00e1lia szobra, amelyek a Ciszterci Rend Nagy Lajos Gimn\u00e1zium\u00e1nak 2. emelet\u00e9n ker\u00fcltek elhelyez\u00e9sre. A templom \u00e1llapota sokszor volt v\u00e1ls\u00e1gos. Bizonyos forr\u00e1sok szerint, aki k\u00e1romkodott a v\u00e1rosban vagy nem megfelel\u0151en viselkedett, adom\u00e1nyokat kellett, hogy felaj\u00e1nljon \u2013 p\u00e9ld\u00e1ul gyertyaviaszt \u2013 valamint p\u00e9nzb\u00fcntet\u00e9st is kir\u00f3ttak r\u00e1 a cs\u00fanya besz\u00e9d megtorl\u00e1sak\u00e9nt.<\/p>\n\n\n\n<p>A templomon az 1900-as \u00e9vek k\u00f6rny\u00e9k\u00e9n t\u00f6rt\u00e9nhetett egy fel\u00faj\u00edt\u00e1s, amikor Angster-orgon\u00e1t \u00e9p\u00edtettek be, valamint Gebauer Ern\u0151 megfestette a Xav\u00e9ri Szent Ferencet \u00e1br\u00e1zol\u00f3 olt\u00e1rk\u00e9pet 1908-ban. A templommal kapcsolatban a k\u00f6vetkez\u0151 nagyobb esem\u00e9ny m\u00e1r hozz\u00e1nk, g\u00f6r\u00f6gkatolikusokhoz k\u00f6t\u0151dik. Keresztes Szil\u00e1rd hajd\u00fadorogi megy\u00e9s p\u00fcsp\u00f6k megb\u00edzza Sz\u00e1ntai M\u00e1t\u00e9 szerzetes akkori szegedi par\u00f3kust a p\u00e9csi sz\u00f3rv\u00e1ny felt\u00e9rk\u00e9pez\u00e9s\u00e9vel \u00e9s megszervez\u00e9s\u00e9vel, s ev\u00e9gett 1972-ben megalap\u00edtja a P\u00e9csi Sz\u00f3rv\u00e1nylelk\u00e9szs\u00e9get.<\/p>\n","protected":false},"excerpt":{"rendered":"<p>Egyes\u00fclet\u00fcnk 2025. november 25-\u00e9n, Pillanatk\u00e9pek Baranya v\u00e1rmegye helyt\u00f6rt\u00e9net\u00e9b\u0151l (IX.) c\u00edmmel helyismereti konferenci\u00e1t rendezett P\u00e9csett, a Megyeh\u00e1za Sz\u00e9chenyi t\u00e9ri \u00e9p\u00fclet\u00e9ben. A tal\u00e1lkoz\u00f3 negyedik el\u0151ad\u00e1s\u00e1t Zaj\u00e1cz G\u00e1bor atya,<span class=\"excerpt-hellip\"> [\u2026]<\/span><\/p>\n","protected":false},"author":1,"featured_media":4117,"comment_status":"open","ping_status":"open","sticky":false,"template":"","format":"standard","meta":{"footnotes":""},"categories":[3],"tags":[81,42,23,166,165,24,27],"class_list":["post-4115","post","type-post","status-publish","format-standard","has-post-thumbnail","hentry","category-hirek","tag-baranya","tag-dunantul","tag-eloadas","tag-helyismeret","tag-helytortenet","tag-konferencia","tag-pecs"],"_links":{"self":[{"href":"https:\/\/dtste.hu\/index.php?rest_route=\/wp\/v2\/posts\/4115","targetHints":{"allow":["GET"]}}],"collection":[{"href":"https:\/\/dtste.hu\/index.php?rest_route=\/wp\/v2\/posts"}],"about":[{"href":"https:\/\/dtste.hu\/index.php?rest_route=\/wp\/v2\/types\/post"}],"author":[{"embeddable":true,"href":"https:\/\/dtste.hu\/index.php?rest_route=\/wp\/v2\/users\/1"}],"replies":[{"embeddable":true,"href":"https:\/\/dtste.hu\/index.php?rest_route=%2Fwp%2Fv2%2Fcomments&post=4115"}],"version-history":[{"count":3,"href":"https:\/\/dtste.hu\/index.php?rest_route=\/wp\/v2\/posts\/4115\/revisions"}],"predecessor-version":[{"id":4120,"href":"https:\/\/dtste.hu\/index.php?rest_route=\/wp\/v2\/posts\/4115\/revisions\/4120"}],"wp:featuredmedia":[{"embeddable":true,"href":"https:\/\/dtste.hu\/index.php?rest_route=\/wp\/v2\/media\/4117"}],"wp:attachment":[{"href":"https:\/\/dtste.hu\/index.php?rest_route=%2Fwp%2Fv2%2Fmedia&parent=4115"}],"wp:term":[{"taxonomy":"category","embeddable":true,"href":"https:\/\/dtste.hu\/index.php?rest_route=%2Fwp%2Fv2%2Fcategories&post=4115"},{"taxonomy":"post_tag","embeddable":true,"href":"https:\/\/dtste.hu\/index.php?rest_route=%2Fwp%2Fv2%2Ftags&post=4115"}],"curies":[{"name":"wp","href":"https:\/\/api.w.org\/{rel}","templated":true}]}}