{"id":4110,"date":"2026-03-16T06:45:01","date_gmt":"2026-03-16T06:45:01","guid":{"rendered":"https:\/\/dtste.hu\/?p=4110"},"modified":"2026-03-16T16:26:57","modified_gmt":"2026-03-16T16:26:57","slug":"erdos-zoltan-a-nemzeti-kiralysag-igezete-teglasy-imre-perenyi-ertelmezeserol-video","status":"publish","type":"post","link":"https:\/\/dtste.hu\/?p=4110","title":{"rendered":"Erd\u0151s Zolt\u00e1n: A nemzeti kir\u00e1lys\u00e1g ig\u00e9zete. T\u00e9gl\u00e1sy Imre Per\u00e9nyi-\u00e9rtelmez\u00e9s\u00e9r\u0151l (vide\u00f3)"},"content":{"rendered":"\n<figure class=\"wp-block-embed is-type-video is-provider-youtube wp-block-embed-youtube wp-embed-aspect-16-9 wp-has-aspect-ratio\"><div class=\"wp-block-embed__wrapper\">\n<iframe title=\"Erd\u0151s Zolt\u00e1n: A nemzeti kir\u00e1lys\u00e1g ig\u00e9zete\" width=\"1220\" height=\"686\" src=\"https:\/\/www.youtube.com\/embed\/h9B2NZTG4iE?feature=oembed\" frameborder=\"0\" allow=\"accelerometer; autoplay; clipboard-write; encrypted-media; gyroscope; picture-in-picture; web-share\" referrerpolicy=\"strict-origin-when-cross-origin\" allowfullscreen><\/iframe>\n<\/div><\/figure>\n\n\n\n<p><\/p>\n\n\n\n<p>Egyes\u00fclet\u00fcnk 2025. november 25-\u00e9n, Pillanatk\u00e9pek Baranya v\u00e1rmegye helyt\u00f6rt\u00e9net\u00e9b\u0151l (IX.) c\u00edmmel helyismereti konferenci\u00e1t rendezett P\u00e9csett, a Megyeh\u00e1za Sz\u00e9chenyi t\u00e9ri \u00e9p\u00fclet\u00e9ben. A tal\u00e1lkoz\u00f3 harmadik el\u0151ad\u00e1s\u00e1t Erd\u0151s Zolt\u00e1n t\u00f6rt\u00e9n\u00e9sz tartotta.<\/p>\n\n\n\n<p><strong>\u00d6sszefoglal\u00f3:<\/strong><\/p>\n\n\n\n<p>Per\u00e9nyi P\u00e9ter korona\u0151r, a sikl\u00f3si v\u00e1r ura a h\u00f3dolts\u00e1g kor\u00e1nak egyik legtal\u00e1nyosabb, legink\u00e1bb megoszt\u00f3, \u00e9s a mai t\u00f6rt\u00e9neti irodalomban is legink\u00e1bb ellent\u00e9tesen meg\u00edt\u00e9lt politikus egy\u00e9nis\u00e9geinek egyike volt. M\u00edg a m\u0171vel\u0151d\u00e9st\u00f6rt\u00e9n\u00e9szek \u00e9s helyt\u00f6rt\u00e9n\u00e9szek nagy form\u00e1tum\u00fa \u00e1llamf\u00e9rfinak, kora jelent\u0151s mec\u00e9n\u00e1s\u00e1nak l\u00e1tj\u00e1k, a k\u00f6zt\u00f6rt\u00e9neti munk\u00e1kban szinte kiz\u00e1r\u00f3lag g\u00e1tl\u00e1stalan, er\u0151szakos \u00e9s hatalomv\u00e1gy\u00f3 f\u0151\u00fark\u00e9nt jelenik meg.<\/p>\n\n\n\n<p>A politikat\u00f6rt\u00e9neti szempontb\u00f3l is kedvez\u0151 \u00edt\u00e9letek egyik\u00e9t az irodalomt\u00f6rt\u00e9n\u00e9sz T\u00e9gl\u00e1sy Imre k\u00e9pviseli, aki t\u00f6rt\u00e9neti essz\u00e9ben, forr\u00e1skiadv\u00e1nyokban, reg\u00e9nyben \u00e9s hangj\u00e1t\u00e9kban is feldolgozta a kalandos sors\u00fa sikl\u00f3si f\u0151\u00far \u00e9let\u00e9t. Az el\u0151ad\u00e1s azt mutatja be, hogy hogyan \u00e1br\u00e1zolja T\u00e9gl\u00e1sy a t\u00f6rt\u00e9neti szem\u00e9lyis\u00e9get \u00e9s a mili\u0151t, t\u00f6bbsz\u00f6r, t\u00f6bbf\u00e9le m\u00f3don is elj\u00e1tszva a gondolattal: vajon megszerezhette volna Per\u00e9nyi a tr\u00f3nt, re\u00e1lis lett volna a nemzeti kir\u00e1lys\u00e1g \u00e1ltala k\u00e9pviselt modellje?<\/p>\n","protected":false},"excerpt":{"rendered":"<p>Egyes\u00fclet\u00fcnk 2025. november 25-\u00e9n, Pillanatk\u00e9pek Baranya v\u00e1rmegye helyt\u00f6rt\u00e9net\u00e9b\u0151l (IX.) c\u00edmmel helyismereti konferenci\u00e1t rendezett P\u00e9csett, a Megyeh\u00e1za Sz\u00e9chenyi t\u00e9ri \u00e9p\u00fclet\u00e9ben. A tal\u00e1lkoz\u00f3 harmadik el\u0151ad\u00e1s\u00e1t Erd\u0151s Zolt\u00e1n t\u00f6rt\u00e9n\u00e9sz<span class=\"excerpt-hellip\"> [\u2026]<\/span><\/p>\n","protected":false},"author":1,"featured_media":4111,"comment_status":"open","ping_status":"open","sticky":false,"template":"","format":"standard","meta":{"footnotes":""},"categories":[3],"tags":[81,42,23,166,165,24,27],"class_list":["post-4110","post","type-post","status-publish","format-standard","has-post-thumbnail","hentry","category-hirek","tag-baranya","tag-dunantul","tag-eloadas","tag-helyismeret","tag-helytortenet","tag-konferencia","tag-pecs"],"_links":{"self":[{"href":"https:\/\/dtste.hu\/index.php?rest_route=\/wp\/v2\/posts\/4110","targetHints":{"allow":["GET"]}}],"collection":[{"href":"https:\/\/dtste.hu\/index.php?rest_route=\/wp\/v2\/posts"}],"about":[{"href":"https:\/\/dtste.hu\/index.php?rest_route=\/wp\/v2\/types\/post"}],"author":[{"embeddable":true,"href":"https:\/\/dtste.hu\/index.php?rest_route=\/wp\/v2\/users\/1"}],"replies":[{"embeddable":true,"href":"https:\/\/dtste.hu\/index.php?rest_route=%2Fwp%2Fv2%2Fcomments&post=4110"}],"version-history":[{"count":2,"href":"https:\/\/dtste.hu\/index.php?rest_route=\/wp\/v2\/posts\/4110\/revisions"}],"predecessor-version":[{"id":4113,"href":"https:\/\/dtste.hu\/index.php?rest_route=\/wp\/v2\/posts\/4110\/revisions\/4113"}],"wp:featuredmedia":[{"embeddable":true,"href":"https:\/\/dtste.hu\/index.php?rest_route=\/wp\/v2\/media\/4111"}],"wp:attachment":[{"href":"https:\/\/dtste.hu\/index.php?rest_route=%2Fwp%2Fv2%2Fmedia&parent=4110"}],"wp:term":[{"taxonomy":"category","embeddable":true,"href":"https:\/\/dtste.hu\/index.php?rest_route=%2Fwp%2Fv2%2Fcategories&post=4110"},{"taxonomy":"post_tag","embeddable":true,"href":"https:\/\/dtste.hu\/index.php?rest_route=%2Fwp%2Fv2%2Ftags&post=4110"}],"curies":[{"name":"wp","href":"https:\/\/api.w.org\/{rel}","templated":true}]}}