{"id":4106,"date":"2026-03-12T21:34:30","date_gmt":"2026-03-12T21:34:30","guid":{"rendered":"https:\/\/dtste.hu\/?p=4106"},"modified":"2026-03-12T21:35:50","modified_gmt":"2026-03-12T21:35:50","slug":"bocz-benedek-a-pecs-bataszek-vasutvonal-tortenete-video","status":"publish","type":"post","link":"https:\/\/dtste.hu\/?p=4106","title":{"rendered":"Bocz Benedek: A P\u00e9cs\u2013B\u00e1tasz\u00e9k vas\u00fatvonal t\u00f6rt\u00e9nete (vide\u00f3)"},"content":{"rendered":"\n<figure class=\"wp-block-embed is-type-video is-provider-youtube wp-block-embed-youtube wp-embed-aspect-16-9 wp-has-aspect-ratio\"><div class=\"wp-block-embed__wrapper\">\n<iframe title=\"Bocz Benedek: A P\u00e9cs\u2013B\u00e1tasz\u00e9k vas\u00fatvonal t\u00f6rt\u00e9nete\" width=\"1220\" height=\"686\" src=\"https:\/\/www.youtube.com\/embed\/VUjgDpVChJ4?feature=oembed\" frameborder=\"0\" allow=\"accelerometer; autoplay; clipboard-write; encrypted-media; gyroscope; picture-in-picture; web-share\" referrerpolicy=\"strict-origin-when-cross-origin\" allowfullscreen><\/iframe>\n<\/div><\/figure>\n\n\n\n<p><\/p>\n\n\n\n<p>Egyes\u00fclet\u00fcnk 2025. november 25-\u00e9n, Pillanatk\u00e9pek Baranya v\u00e1rmegye helyt\u00f6rt\u00e9net\u00e9b\u0151l (IX.) c\u00edmmel helyismereti konferenci\u00e1t rendezett P\u00e9csett, a Megyeh\u00e1za Sz\u00e9chenyi t\u00e9ri \u00e9p\u00fclet\u00e9ben. A tal\u00e1lkoz\u00f3 m\u00e1sodik el\u0151ad\u00e1s\u00e1t Bocz Benedek Zsolt hit- \u00e9s t\u00f6rt\u00e9nelemtan\u00e1r szakos f\u0151iskolai hallgat\u00f3 tartotta.<\/p>\n\n\n\n<p><strong>\u00d6sszefoglal\u00f3:<\/strong><\/p>\n\n\n\n<p>Az el\u0151ad\u00e1s c\u00e9lja a t\u00e9rs\u00e9g t\u00f6rt\u00e9nelm\u00e9nek bemutat\u00e1sa a P\u00e9cs\u2013B\u00e1tasz\u00e9k-vas\u00fatvonal t\u00f6rt\u00e9net\u00e9n kereszt\u00fcl megk\u00f6zel\u00edtve. <\/p>\n\n\n\n<p>Az 1880-as \u00e9vekben csatlakozunk be az esem\u00e9nyekbe, megismerve a helyi \u00e9rdek\u0171 vasutak jellemz\u0151it, \u00e9p\u00edt\u00e9szeti \u00e9rt\u00e9keit, ki\u00e9p\u00fcl\u00e9s\u00fck t\u00f6rt\u00e9net\u00e9t. Sz\u00f3 lesz a vas\u00fatvonal meg\u00e9p\u00edt\u00e9s\u00e9nek k\u00f6r\u00fclm\u00e9nyeir\u0151l, c\u00e9lj\u00e1r\u00f3l. R\u00f6viden megismerked\u00fcnk a vonal szerep\u00e9r\u0151l a mez\u0151gazdas\u00e1gi term\u00e9nyek elsz\u00e1ll\u00edt\u00e1s\u00e1ban, majd a trianoni b\u00e9keszerz\u0151d\u00e9snek a vonalra gyakorolt hat\u00e1sair\u00f3l.<\/p>\n\n\n\n<p> Megismerj\u00fck a vonal szerep\u00e9t a helyi n\u00e9met lakoss\u00e1g kitelep\u00edt\u00e9s\u00e9ben a m\u00e1sodik vil\u00e1gh\u00e1bor\u00fat k\u00f6vet\u0151en, majd r\u00f6viden sz\u00f3 lesz a vas\u00fat \u00e1ltal \u00e9rintett, ma is nagy sz\u00e1zal\u00e9kban n\u00e9met ajk\u00fa ter\u00fcletr\u0151l, telep\u00fcl\u00e9sekr\u0151l. <\/p>\n\n\n\n<p>A Magyar N\u00e9pk\u00f6zt\u00e1rsas\u00e1g id\u0151szak\u00e1hoz \u00e9rve sz\u00f3 lesz a t\u00e9rs\u00e9g 1950-es, 60-as \u00e9vekben bek\u00f6vetkezett jelent\u0151s fejleszt\u00e9seir\u0151l a Mecsek k\u00f6rny\u00e9ki sz\u00e9nb\u00e1ny\u00e1kban, \u00e9s a P\u00e9cs\u2013B\u00e1tasz\u00e9k-vonal ehhez k\u00f6thet\u0151 fel\u00faj\u00edt\u00e1s\u00e1r\u00f3l, meger\u0151s\u00edt\u00e9s\u00e9r\u0151l. Az el\u0151ad\u00e1st a vonal rendszerv\u00e1ltoz\u00e1skor kezd\u0151d\u0151 lass\u00fa, de folyamatos hanyatl\u00e1s\u00e1val, majd megsz\u0171n\u00e9s\u00e9vel z\u00e1rn\u00e1m, n\u00e9h\u00e1ny sz\u00f3t ejtve a jelenr\u0151l is.<\/p>\n","protected":false},"excerpt":{"rendered":"<p>Egyes\u00fclet\u00fcnk 2025. november 25-\u00e9n, Pillanatk\u00e9pek Baranya v\u00e1rmegye helyt\u00f6rt\u00e9net\u00e9b\u0151l (IX.) c\u00edmmel helyismereti konferenci\u00e1t rendezett P\u00e9csett, a Megyeh\u00e1za Sz\u00e9chenyi t\u00e9ri \u00e9p\u00fclet\u00e9ben. A tal\u00e1lkoz\u00f3 m\u00e1sodik el\u0151ad\u00e1s\u00e1t Bocz Benedek Zsolt<span class=\"excerpt-hellip\"> [\u2026]<\/span><\/p>\n","protected":false},"author":1,"featured_media":4107,"comment_status":"open","ping_status":"open","sticky":false,"template":"","format":"standard","meta":{"footnotes":""},"categories":[3],"tags":[81,42,23,166,165,24,27],"class_list":["post-4106","post","type-post","status-publish","format-standard","has-post-thumbnail","hentry","category-hirek","tag-baranya","tag-dunantul","tag-eloadas","tag-helyismeret","tag-helytortenet","tag-konferencia","tag-pecs"],"_links":{"self":[{"href":"https:\/\/dtste.hu\/index.php?rest_route=\/wp\/v2\/posts\/4106","targetHints":{"allow":["GET"]}}],"collection":[{"href":"https:\/\/dtste.hu\/index.php?rest_route=\/wp\/v2\/posts"}],"about":[{"href":"https:\/\/dtste.hu\/index.php?rest_route=\/wp\/v2\/types\/post"}],"author":[{"embeddable":true,"href":"https:\/\/dtste.hu\/index.php?rest_route=\/wp\/v2\/users\/1"}],"replies":[{"embeddable":true,"href":"https:\/\/dtste.hu\/index.php?rest_route=%2Fwp%2Fv2%2Fcomments&post=4106"}],"version-history":[{"count":2,"href":"https:\/\/dtste.hu\/index.php?rest_route=\/wp\/v2\/posts\/4106\/revisions"}],"predecessor-version":[{"id":4109,"href":"https:\/\/dtste.hu\/index.php?rest_route=\/wp\/v2\/posts\/4106\/revisions\/4109"}],"wp:featuredmedia":[{"embeddable":true,"href":"https:\/\/dtste.hu\/index.php?rest_route=\/wp\/v2\/media\/4107"}],"wp:attachment":[{"href":"https:\/\/dtste.hu\/index.php?rest_route=%2Fwp%2Fv2%2Fmedia&parent=4106"}],"wp:term":[{"taxonomy":"category","embeddable":true,"href":"https:\/\/dtste.hu\/index.php?rest_route=%2Fwp%2Fv2%2Fcategories&post=4106"},{"taxonomy":"post_tag","embeddable":true,"href":"https:\/\/dtste.hu\/index.php?rest_route=%2Fwp%2Fv2%2Ftags&post=4106"}],"curies":[{"name":"wp","href":"https:\/\/api.w.org\/{rel}","templated":true}]}}