{"id":4100,"date":"2026-02-21T15:27:00","date_gmt":"2026-02-21T15:27:00","guid":{"rendered":"https:\/\/dtste.hu\/?p=4100"},"modified":"2026-03-08T15:36:51","modified_gmt":"2026-03-08T15:36:51","slug":"pillanatkepek-baranya-varmegye-helytortenetebol-ix","status":"publish","type":"post","link":"https:\/\/dtste.hu\/?p=4100","title":{"rendered":"Pillanatk\u00e9pek Baranya v\u00e1rmegye helyt\u00f6rt\u00e9net\u00e9b\u0151l (IX.)"},"content":{"rendered":"\n<figure class=\"wp-block-embed is-type-video is-provider-youtube wp-block-embed-youtube wp-embed-aspect-16-9 wp-has-aspect-ratio\"><div class=\"wp-block-embed__wrapper\">\n<iframe title=\"Pillanatk\u00e9pek Baranya v\u00e1rmegye helyt\u00f6rt\u00e9net\u00e9b\u0151l (IX.) \u2013 helyismereti konferencia\" width=\"1220\" height=\"686\" src=\"https:\/\/www.youtube.com\/embed\/hCGrsMwC_RM?feature=oembed\" frameborder=\"0\" allow=\"accelerometer; autoplay; clipboard-write; encrypted-media; gyroscope; picture-in-picture; web-share\" referrerpolicy=\"strict-origin-when-cross-origin\" allowfullscreen><\/iframe>\n<\/div><\/figure>\n\n\n\n<p><\/p>\n\n\n\n<p>Pillanatk\u00e9pek Baranya v\u00e1rmegye helyt\u00f6rt\u00e9net\u00e9b\u0151l (IX.) A D\u00e9l-dun\u00e1nt\u00fali T\u00f6rt\u00e9nelmi \u00e9s Sajt\u00f3t\u00f6rt\u00e9neti Egyes\u00fclet helyismereti konferenci\u00e1ja. Megyeh\u00e1za, P\u00e9cs, 2025. nov. 25. <a href=\"Https:\/\/youtu.be\/hCGrsMwC_RM\">Https:\/\/youtu.be\/hCGrsMwC_RM<\/a>. (A megtekint\u00e9s ideje: 2026.02.21.)<\/p>\n\n\n\n<p><\/p>\n","protected":false},"excerpt":{"rendered":"<p>Pillanatk\u00e9pek Baranya v\u00e1rmegye helyt\u00f6rt\u00e9net\u00e9b\u0151l (IX.) A D\u00e9l-dun\u00e1nt\u00fali T\u00f6rt\u00e9nelmi \u00e9s Sajt\u00f3t\u00f6rt\u00e9neti Egyes\u00fclet helyismereti konferenci\u00e1ja. Megyeh\u00e1za, P\u00e9cs, 2025. nov. 25. Https:\/\/youtu.be\/hCGrsMwC_RM. (A megtekint\u00e9s ideje: 2026.02.21.)<\/p>\n","protected":false},"author":1,"featured_media":4101,"comment_status":"open","ping_status":"open","sticky":false,"template":"","format":"standard","meta":{"footnotes":""},"categories":[5,3],"tags":[42,166,74,24,27],"class_list":["post-4100","post","type-post","status-publish","format-standard","has-post-thumbnail","hentry","category-eloadasok","category-hirek","tag-dunantul","tag-helyismeret","tag-ismeretterjesztes","tag-konferencia","tag-pecs"],"_links":{"self":[{"href":"https:\/\/dtste.hu\/index.php?rest_route=\/wp\/v2\/posts\/4100","targetHints":{"allow":["GET"]}}],"collection":[{"href":"https:\/\/dtste.hu\/index.php?rest_route=\/wp\/v2\/posts"}],"about":[{"href":"https:\/\/dtste.hu\/index.php?rest_route=\/wp\/v2\/types\/post"}],"author":[{"embeddable":true,"href":"https:\/\/dtste.hu\/index.php?rest_route=\/wp\/v2\/users\/1"}],"replies":[{"embeddable":true,"href":"https:\/\/dtste.hu\/index.php?rest_route=%2Fwp%2Fv2%2Fcomments&post=4100"}],"version-history":[{"count":2,"href":"https:\/\/dtste.hu\/index.php?rest_route=\/wp\/v2\/posts\/4100\/revisions"}],"predecessor-version":[{"id":4104,"href":"https:\/\/dtste.hu\/index.php?rest_route=\/wp\/v2\/posts\/4100\/revisions\/4104"}],"wp:featuredmedia":[{"embeddable":true,"href":"https:\/\/dtste.hu\/index.php?rest_route=\/wp\/v2\/media\/4101"}],"wp:attachment":[{"href":"https:\/\/dtste.hu\/index.php?rest_route=%2Fwp%2Fv2%2Fmedia&parent=4100"}],"wp:term":[{"taxonomy":"category","embeddable":true,"href":"https:\/\/dtste.hu\/index.php?rest_route=%2Fwp%2Fv2%2Fcategories&post=4100"},{"taxonomy":"post_tag","embeddable":true,"href":"https:\/\/dtste.hu\/index.php?rest_route=%2Fwp%2Fv2%2Ftags&post=4100"}],"curies":[{"name":"wp","href":"https:\/\/api.w.org\/{rel}","templated":true}]}}