{"id":4096,"date":"2026-03-08T14:56:42","date_gmt":"2026-03-08T14:56:42","guid":{"rendered":"https:\/\/dtste.hu\/?p=4096"},"modified":"2026-03-08T15:24:41","modified_gmt":"2026-03-08T15:24:41","slug":"mate-zsolt-az-1956-os-baranyai-esemenyek-nemzetkozi-sajtovisszhangja-video","status":"publish","type":"post","link":"https:\/\/dtste.hu\/?p=4096","title":{"rendered":"M\u00e1t\u00e9 Zsolt: Az 1956 os baranyai esem\u00e9nyek nemzetk\u00f6zi sajt\u00f3visszhangja (vide\u00f3)"},"content":{"rendered":"\n<figure class=\"wp-block-embed is-type-video is-provider-youtube wp-block-embed-youtube wp-embed-aspect-16-9 wp-has-aspect-ratio\"><div class=\"wp-block-embed__wrapper\">\n<iframe title=\"M\u00e1t\u00e9 Zsolt: Az 1956 os baranyai esem\u00e9nyek nemzetk\u00f6zi sajt\u00f3visszhangja\" width=\"1220\" height=\"686\" src=\"https:\/\/www.youtube.com\/embed\/qfWmaVTcpB8?feature=oembed\" frameborder=\"0\" allow=\"accelerometer; autoplay; clipboard-write; encrypted-media; gyroscope; picture-in-picture; web-share\" referrerpolicy=\"strict-origin-when-cross-origin\" allowfullscreen><\/iframe>\n<\/div><\/figure>\n\n\n\n<p><\/p>\n\n\n\n<p>Egyes\u00fclet\u00fcnk 2025. november 25-\u00e9n, Pillanatk\u00e9pek Baranya v\u00e1rmegye helyt\u00f6rt\u00e9net\u00e9b\u0151l (IX.) c\u00edmmel helyismereti konferenci\u00e1t rendezett P\u00e9csett, a Megyeh\u00e1za Sz\u00e9chenyi t\u00e9ri \u00e9p\u00fclet\u00e9ben. A tal\u00e1lkoz\u00f3 els\u0151 el\u0151ad\u00e1s\u00e1t M\u00e1t\u00e9 Zsolt t\u00f6rt\u00e9n\u00e9sz tartotta.<\/p>\n\n\n\n<p><strong>\u00d6sszefoglal\u00f3:<\/strong><\/p>\n\n\n\n<p>Az 1956-os magyar forradalom jelent\u0151s sajt\u00f3visszhangot v\u00e1ltott ki. Sz\u00e1mos \u00fajs\u00e1g k\u00fcld\u00f6tt haz\u00e1nkba tud\u00f3s\u00edt\u00f3kat, s napokon bel\u00fcl a filmh\u00edrad\u00f3kban voltak l\u00e1that\u00f3k a budapesti harcok. El\u0151ad\u00e1som b\u00e1zis\u00e1t az egyik legh\u00edresebb sajt\u00f3adatb\u00e1zis, a Proquest Historical Newspapers gy\u0171jtem\u00e9ny\u00e9ben tal\u00e1lhat\u00f3 \u00fajs\u00e1gcikkek adj\u00e1k.<\/p>\n\n\n\n<p>A Barany\u00e1b\u00f3l sz\u00e1rmaz\u00f3 h\u00edrek el\u0151sz\u00f6r a forradalm\u00e1rok \u00e1ltal m\u0171k\u00f6dtetett r\u00e1di\u00f3ad\u00e1sokb\u00f3l sz\u00e1rmaztak, amit november folyam\u00e1n felv\u00e1ltottak az Ausztri\u00e1ba \u00e9rkezett menek\u00fcltek besz\u00e1mol\u00f3i. A korabeli h\u00edrad\u00e1sokban sz\u00e1mos f\u00e9linform\u00e1ci\u00f3 is napvil\u00e1got l\u00e1tott. A mecseki l\u00e1thatatlanok l\u00e9tsz\u00e1m\u00e1t t\u00f6bb ezres fegyveres egys\u00e9gk\u00e9nt t\u0171ntett\u00e9k fel t\u00f6bb h\u00edrad\u00e1sban. Vagy a vil\u00e1g k\u00f6zv\u00e9lem\u00e9nye sz\u00e1m\u00e1ra is ismertt\u00e9 v\u00e1lt ur\u00e1nb\u00e1ny\u00e1ban epikus harcokr\u00f3l sz\u00e1moltak be az \u00fajs\u00e1g\u00edr\u00f3k.<\/p>\n\n\n\n<p>A baranyai esem\u00e9nyekr\u0151l \u2013 helyi tud\u00f3s\u00edt\u00f3 h\u00edj\u00e1n \u2013 a r\u00e1di\u00f3ad\u00e1sokb\u00f3l \u00e9s menek\u00fcltekt\u0151l szerzett inform\u00e1ci\u00f3k nyom\u00e1n h\u00edr\u00fcgyn\u00f6ks\u00e9gi jelent\u00e9seket vett \u00e1t a legt\u00f6bb \u00fajs\u00e1g. Sz\u00e1mos esetben m\u00e9g 1956 v\u00e9g\u00e9n is a c\u00edmlapon sz\u00e1moltak be a lapok a megy\u00e9nkben zajl\u00f3 harcokr\u00f3l, sztr\u00e1jkokr\u00f3l. Tov\u00e1bb\u00e1 t\u00f6bb esetben is mell\u00e9kelt t\u00e9rk\u00e9peken is felt\u0171ntett\u00e9k legal\u00e1bb a megyesz\u00e9khelyt. Mindezek alapj\u00e1n kijelenthet\u0151, hogy az el\u0151ad\u00e1s egy esettanulm\u00e1ny k\u00edv\u00e1n lenni az 1956-os magyarorsz\u00e1gi esem\u00e9nyek nemzetk\u00f6zi sajt\u00f3vizsg\u00e1lat\u00e1nak kutat\u00e1s\u00e1ban.<\/p>\n","protected":false},"excerpt":{"rendered":"<p>Egyes\u00fclet\u00fcnk 2025. november 25-\u00e9n, Pillanatk\u00e9pek Baranya v\u00e1rmegye helyt\u00f6rt\u00e9net\u00e9b\u0151l (IX.) c\u00edmmel helyismereti konferenci\u00e1t rendezett P\u00e9csett, a Megyeh\u00e1za Sz\u00e9chenyi t\u00e9ri \u00e9p\u00fclet\u00e9ben. A tal\u00e1lkoz\u00f3 els\u0151 el\u0151ad\u00e1s\u00e1t M\u00e1t\u00e9 Zsolt t\u00f6rt\u00e9n\u00e9sz<span class=\"excerpt-hellip\"> [\u2026]<\/span><\/p>\n","protected":false},"author":1,"featured_media":4097,"comment_status":"open","ping_status":"open","sticky":false,"template":"","format":"standard","meta":{"footnotes":""},"categories":[3],"tags":[81,42,23,166,165,24,27],"class_list":["post-4096","post","type-post","status-publish","format-standard","has-post-thumbnail","hentry","category-hirek","tag-baranya","tag-dunantul","tag-eloadas","tag-helyismeret","tag-helytortenet","tag-konferencia","tag-pecs"],"_links":{"self":[{"href":"https:\/\/dtste.hu\/index.php?rest_route=\/wp\/v2\/posts\/4096","targetHints":{"allow":["GET"]}}],"collection":[{"href":"https:\/\/dtste.hu\/index.php?rest_route=\/wp\/v2\/posts"}],"about":[{"href":"https:\/\/dtste.hu\/index.php?rest_route=\/wp\/v2\/types\/post"}],"author":[{"embeddable":true,"href":"https:\/\/dtste.hu\/index.php?rest_route=\/wp\/v2\/users\/1"}],"replies":[{"embeddable":true,"href":"https:\/\/dtste.hu\/index.php?rest_route=%2Fwp%2Fv2%2Fcomments&post=4096"}],"version-history":[{"count":2,"href":"https:\/\/dtste.hu\/index.php?rest_route=\/wp\/v2\/posts\/4096\/revisions"}],"predecessor-version":[{"id":4099,"href":"https:\/\/dtste.hu\/index.php?rest_route=\/wp\/v2\/posts\/4096\/revisions\/4099"}],"wp:featuredmedia":[{"embeddable":true,"href":"https:\/\/dtste.hu\/index.php?rest_route=\/wp\/v2\/media\/4097"}],"wp:attachment":[{"href":"https:\/\/dtste.hu\/index.php?rest_route=%2Fwp%2Fv2%2Fmedia&parent=4096"}],"wp:term":[{"taxonomy":"category","embeddable":true,"href":"https:\/\/dtste.hu\/index.php?rest_route=%2Fwp%2Fv2%2Fcategories&post=4096"},{"taxonomy":"post_tag","embeddable":true,"href":"https:\/\/dtste.hu\/index.php?rest_route=%2Fwp%2Fv2%2Ftags&post=4096"}],"curies":[{"name":"wp","href":"https:\/\/api.w.org\/{rel}","templated":true}]}}