{"id":3944,"date":"2025-12-05T02:18:51","date_gmt":"2025-12-05T02:18:51","guid":{"rendered":"https:\/\/dtste.hu\/?p=3944"},"modified":"2025-12-05T02:18:51","modified_gmt":"2025-12-05T02:18:51","slug":"a-jokai-ter-korabban-kis-ter-pecsett-feltehetoen-az-1890-es-evek-elso-feleben","status":"publish","type":"post","link":"https:\/\/dtste.hu\/?p=3944","title":{"rendered":"A J\u00f3kai t\u00e9r (kor\u00e1bban: \u201eKis t\u00e9r\u201d) P\u00e9csett, feltehet\u0151en az 1890-es \u00e9vek els\u0151 fel\u00e9ben"},"content":{"rendered":"\n<p>A p\u00e9csi J\u00f3kai t\u00e9r 1893-ban vette fel a h\u00edres magyar reg\u00e9ny\u00edr\u00f3, J\u00f3kai M\u00f3r nev\u00e9t. Ezt megel\u0151z\u0151en, a 19. sz\u00e1zadban f\u0151k\u00e9nt \u201eKis piack\u00e9nt\u201d vagy \u201eKis t\u00e9rk\u00e9nt\u201d ismert\u00e9k. Jellegzetes l\u00e1tv\u00e1nyoss\u00e1ga az \u00fagynevezett Elef\u00e1ntos h\u00e1z \u00e9szaknyugati sark\u00e1n tal\u00e1lhat\u00f3 elef\u00e1ntfigura, amely eredetileg egy f\u0171szer- \u00e9s gyarmat\u00e1rubolt c\u00e9g\u00e9re volt. Az \u00fczletre 1876-ban egy hirdet\u00e9sben m\u00e1r \u00fagy hivatkoztak, mint az \u201eElef\u00e1nthoz\u201d c\u00edmzett f\u0171szerkeresked\u00e9s.<\/p>\n\n\n\n<p>A k\u00e9p forr\u00e1sa: Magyar Nemzeti Digit\u00e1lis Arch\u00edvum \/ Csorba Gy\u0151z\u0151 K\u00f6nyvt\u00e1r Helyismereti Gy\u0171jtem\u00e9ny (digit\u00e1lisan sz\u00ednezett v\u00e1ltozat)<\/p>\n\n\n\n<p><\/p>\n","protected":false},"excerpt":{"rendered":"<p>A p\u00e9csi J\u00f3kai t\u00e9r 1893-ban vette fel a h\u00edres magyar reg\u00e9ny\u00edr\u00f3, J\u00f3kai M\u00f3r nev\u00e9t. Ezt megel\u0151z\u0151en, a 19. sz\u00e1zadban f\u0151k\u00e9nt \u201eKis piack\u00e9nt\u201d vagy \u201eKis t\u00e9rk\u00e9nt\u201d ismert\u00e9k.<span class=\"excerpt-hellip\"> [\u2026]<\/span><\/p>\n","protected":false},"author":1,"featured_media":3945,"comment_status":"open","ping_status":"open","sticky":false,"template":"","format":"standard","meta":{"footnotes":""},"categories":[3],"tags":[81,42,166,165,74,77],"class_list":["post-3944","post","type-post","status-publish","format-standard","has-post-thumbnail","hentry","category-hirek","tag-baranya","tag-dunantul","tag-helyismeret","tag-helytortenet","tag-ismeretterjesztes","tag-tortenelem"],"_links":{"self":[{"href":"https:\/\/dtste.hu\/index.php?rest_route=\/wp\/v2\/posts\/3944","targetHints":{"allow":["GET"]}}],"collection":[{"href":"https:\/\/dtste.hu\/index.php?rest_route=\/wp\/v2\/posts"}],"about":[{"href":"https:\/\/dtste.hu\/index.php?rest_route=\/wp\/v2\/types\/post"}],"author":[{"embeddable":true,"href":"https:\/\/dtste.hu\/index.php?rest_route=\/wp\/v2\/users\/1"}],"replies":[{"embeddable":true,"href":"https:\/\/dtste.hu\/index.php?rest_route=%2Fwp%2Fv2%2Fcomments&post=3944"}],"version-history":[{"count":1,"href":"https:\/\/dtste.hu\/index.php?rest_route=\/wp\/v2\/posts\/3944\/revisions"}],"predecessor-version":[{"id":3946,"href":"https:\/\/dtste.hu\/index.php?rest_route=\/wp\/v2\/posts\/3944\/revisions\/3946"}],"wp:featuredmedia":[{"embeddable":true,"href":"https:\/\/dtste.hu\/index.php?rest_route=\/wp\/v2\/media\/3945"}],"wp:attachment":[{"href":"https:\/\/dtste.hu\/index.php?rest_route=%2Fwp%2Fv2%2Fmedia&parent=3944"}],"wp:term":[{"taxonomy":"category","embeddable":true,"href":"https:\/\/dtste.hu\/index.php?rest_route=%2Fwp%2Fv2%2Fcategories&post=3944"},{"taxonomy":"post_tag","embeddable":true,"href":"https:\/\/dtste.hu\/index.php?rest_route=%2Fwp%2Fv2%2Ftags&post=3944"}],"curies":[{"name":"wp","href":"https:\/\/api.w.org\/{rel}","templated":true}]}}