{"id":3728,"date":"2025-10-25T22:19:26","date_gmt":"2025-10-25T22:19:26","guid":{"rendered":"https:\/\/dtste.hu\/?p=3728"},"modified":"2025-10-25T22:26:42","modified_gmt":"2025-10-25T22:26:42","slug":"pillanatkepek-baranya-varmegye-helytortenetebol-viii-programfuzet","status":"publish","type":"post","link":"https:\/\/dtste.hu\/?p=3728","title":{"rendered":"Pillanatk\u00e9pek Baranya v\u00e1rmegye helyt\u00f6rt\u00e9net\u00e9b\u0151l (VIII.) &#8211; programf\u00fczet"},"content":{"rendered":"\n<p class=\"has-text-align-center\"><strong>A konferencia programja<\/strong><\/p>\n\n\n\n<p class=\"has-text-align-center\"><strong>2025. okt\u00f3ber 28. (kedd)<\/strong><\/p>\n\n\n\n<p class=\"has-text-align-center\"><strong>Megyeh\u00e1za (7621 P\u00e9cs, Sz\u00e9chenyi t\u00e9r 9.)<\/strong><\/p>\n\n\n\n<p class=\"has-text-align-center\"><strong>Megnyit\u00f3<\/strong><\/p>\n\n\n\n<p>17.10   K\u00f6sz\u00f6nt\u0151<\/p>\n\n\n\n<p>Szal\u00e1nczi Kriszti\u00e1n, a D\u00e9l-dun\u00e1nt\u00fali T\u00f6rt\u00e9nelmi \u00e9s Sajt\u00f3t\u00f6rt\u00e9neti Egyes\u00fclet eln\u00f6ke<\/p>\n\n\n\n<p class=\"has-text-align-center\"><strong>El\u0151ad\u00e1sok (I. r\u00e9sz)<\/strong><\/p>\n\n\n\n<p class=\"has-text-align-center\">Moder\u00e1tor: Szal\u00e1nczi Kriszti\u00e1n<\/p>\n\n\n\n<p>17.20 KISS Zolt\u00e1n: Egy ki\u00e1ll\u00edt\u00e1s k\u00e9pei,&nbsp;P\u00e9cs, 1907. K\u00fcl\u00f6n\u00f6s tekintettel a Szabad Tan\u00edt\u00e1s Magyar Orsz\u00e1gos Kongresszus\u00e1ra<\/p>\n\n\n\n<p>17.50 R\u0150MER Johanna: Baranya v\u00e1rmegye egyh\u00e1zt\u00f6rt\u00e9nelme<\/p>\n\n\n\n<p>18.20 Sz\u00fcnet<\/p>\n\n\n\n<p class=\"has-text-align-center\"><strong>El\u0151ad\u00e1sok (II. r\u00e9sz)<\/strong><\/p>\n\n\n\n<p class=\"has-text-align-center\">Moder\u00e1tor: Szal\u00e1nczi Kriszti\u00e1n<\/p>\n\n\n\n<p>18.35 PINT\u00c9R L\u00c1SZL\u00d3: A l\u00e1dak\u00f6nyvt\u00e1rakt\u00f3l a Tud\u00e1sk\u00f6zpontig, az \u00edr\u00f3g\u00e9pt\u0151l a felh\u0151alap\u00fa t\u00e1rol\u00e1sig. K\u00e9pek P\u00e9cs \u00e9s Baranya v\u00e1rmegye k\u00f6nyvt\u00e1rt\u00f6rt\u00e9net\u00e9b\u0151l, 1943\u20132010<\/p>\n\n\n\n<p>19.05 G\u00c1L Andr\u00e1s: A Bodai Pl\u00e9b\u00e1nia t\u00f6rt\u00e9nete a R\u00e1kosi-korszakban<\/p>\n\n\n\n<p>19.35 Z\u00e1rsz\u00f3<\/p>\n\n\n\n<p class=\"has-text-align-center\"><strong>\u00d6sszefoglal\u00f3k<\/strong><\/p>\n\n\n\n<p class=\"has-text-align-center\">KISS Zolt\u00e1n k\u00f6nyvt\u00e1ros<\/p>\n\n\n\n<p class=\"has-text-align-center\"><strong><strong>Egy ki\u00e1ll\u00edt\u00e1s k\u00e9pei,&nbsp;P\u00e9cs, 1907<\/strong><\/strong><\/p>\n\n\n\n<p class=\"has-text-align-center\"><strong><strong>K\u00fcl\u00f6n\u00f6s tekintettel a Szabad Tan\u00edt\u00e1s Magyar Orsz\u00e1gos Kongresszus\u00e1ra<\/strong><\/strong><\/p>\n\n\n\n<p>Az el\u0151ad\u00e1s az 1907-es p\u00e9csi Orsz\u00e1gos Ki\u00e1ll\u00edt\u00e1snak \u00e1ll\u00edt eml\u00e9ket. K\u00e9pek sora igazolja, hogy a v\u00e1ros szempontj\u00e1b\u00f3l a 20. sz\u00e1zad kiemelked\u0151 esem\u00e9nye volt a ki\u00e1ll\u00edt\u00e1s megszervez\u00e9se. A korszak iparosai, v\u00e1llalkoz\u00f3i mutatt\u00e1k be a k\u00fcl\u00f6nb\u00f6z\u0151 pavilonokban szerte\u00e1gaz\u00f3 tev\u00e9kenys\u00e9g\u00fcket. A ki\u00e1ll\u00edt\u00e1s alkalm\u00e1b\u00f3l orsz\u00e1gos kongresszusokat is tartottak, k\u00f6z\u00fcl\u00fck kiemelj\u00fck a Szabad Tan\u00edt\u00e1s Magyar Orsz\u00e1gos Kongresszus\u00e1t, melyen \u00e9rtelmis\u00e9gi csoportok k\u00fczd\u00f6ttek egym\u00e1ssal az ideol\u00f3giai t\u00e9rben a vezet\u0151 szerep\u00e9rt.<\/p>\n\n\n\n<p class=\"has-text-align-center\">R\u0150MER Johanna hivatali f\u0151tan\u00e1csos<\/p>\n\n\n\n<p class=\"has-text-align-center\"><strong>Baranya v\u00e1rmegye egyh\u00e1zt\u00f6rt\u00e9nelme<\/strong><\/p>\n\n\n\n<p>Baranya v\u00e1rmegye egyh\u00e1zt\u00f6rt\u00e9nelme rendk\u00edv\u00fcl gazdag \u00e9s sokr\u00e9t\u0171, mivel a t\u00e9rs\u00e9g a magyar kereszt\u00e9nys\u00e9g egyik legkor\u00e1bbi \u00e9s legjelent\u0151sebb k\u00f6zpontja volt. A kereszt\u00e9nys\u00e9g m\u00e1r a honfoglal\u00e1s ut\u00e1n gyorsan meggy\u00f6kerezett itt, k\u00fcl\u00f6n\u00f6sen P\u00e9cs v\u00e1ros\u00e1ban, ahol Szent Istv\u00e1n kir\u00e1ly 1009-ben alap\u00edtotta meg a p\u00e9csi p\u00fcsp\u00f6ks\u00e9get. Ez a p\u00fcsp\u00f6ks\u00e9g \u00e9vsz\u00e1zadokon \u00e1t meghat\u00e1rozta a t\u00e9rs\u00e9g vall\u00e1si, kultur\u00e1lis \u00e9s oktat\u00e1si \u00e9let\u00e9t. A k\u00f6z\u00e9pkorban P\u00e9cs fontos szellemi k\u00f6zpontt\u00e1 v\u00e1lt: 1367-ben itt alap\u00edtott\u00e1k meg az els\u0151 magyar egyetemet, amelyet I. Lajos kir\u00e1ly enged\u00e9ly\u00e9vel hoztak l\u00e9tre.<\/p>\n\n\n\n<p>A t\u00f6r\u00f6k h\u00f3dolts\u00e1g idej\u00e9n (1543\u20131686) az egyh\u00e1zi \u00e9let s\u00falyos vesztes\u00e9geket szenvedett: templomokat romboltak le vagy dzs\u00e1miv\u00e1 alak\u00edtottak, a kereszt\u00e9ny paps\u00e1g nagy r\u00e9sze elmenek\u00fclt. A felszabad\u00edt\u00f3 h\u00e1bor\u00fak ut\u00e1n a katolikus egyh\u00e1z \u00fajraszervezte m\u0171k\u00f6d\u00e9s\u00e9t, megkezd\u0151d\u00f6tt a templomok \u00fajj\u00e1\u00e9p\u00edt\u00e9se \u00e9s a szerzetesrendek visszatelep\u00edt\u00e9se. A 18\u201319. sz\u00e1zadban a p\u00e9csi p\u00fcsp\u00f6ks\u00e9g kultur\u00e1lis \u00e9s oktat\u00e1si tev\u00e9kenys\u00e9ge ism\u00e9t vir\u00e1gzott, a v\u00e1ros \u00e9s a megye a katolikus vall\u00e1si \u00e9let egyik k\u00f6zpontja maradt.<\/p>\n\n\n\n<p>A 20. sz\u00e1zadban a h\u00e1bor\u00fak, a politikai v\u00e1ltoz\u00e1sok \u00e9s az \u00e1llamos\u00edt\u00e1sok az egyh\u00e1z szerep\u00e9t korl\u00e1tozt\u00e1k, de a rendszerv\u00e1lt\u00e1s ut\u00e1n \u00fajra meger\u0151s\u00f6d\u00f6tt. Ma Baranya vall\u00e1si \u00e9lete soksz\u00edn\u0171: a katolikus t\u00f6bbs\u00e9g mellett protest\u00e1ns, ortodox \u00e9s zsid\u00f3 k\u00f6z\u00f6ss\u00e9gek is akt\u00edvan jelen vannak, folytatva a megye t\u00f6bb \u00e9vsz\u00e1zados vall\u00e1si hagyom\u00e1nyait.<\/p>\n\n\n\n<p class=\"has-text-align-center\">PINT\u00c9R L\u00c1SZL\u00d3 k\u00f6nyvt\u00e1ros, nyugalmazott k\u00f6nyvt\u00e1rigazgat\u00f3<\/p>\n\n\n\n<p class=\"has-text-align-center\"><strong>A l\u00e1dak\u00f6nyvt\u00e1rakt\u00f3l a Tud\u00e1sk\u00f6zpontig, az \u00edr\u00f3g\u00e9pt\u0151l a felh\u0151alap\u00fa t\u00e1rol\u00e1sig<\/strong><\/p>\n\n\n\n<p class=\"has-text-align-center\"><strong>K\u00e9pek P\u00e9cs \u00e9s Baranya v\u00e1rmegye k\u00f6nyvt\u00e1rt\u00f6rt\u00e9net\u00e9b\u0151l, 1943\u20132010<\/strong><\/p>\n\n\n\n<p>K\u00f6nyvt\u00e1rt\u00f6rt\u00e9net a szigor\u00faan ellen\u0151rz\u00f6tt k\u00f6nyv\u00e1llom\u00e1ny \u00e9s dolgoz\u00f3k idej\u00e9n (1946\u20131990). A mennyis\u00e9gi szeml\u00e9let korszaka\u2026 minden k\u00e9zbe k\u00f6nyvet (\u00e9s ideol\u00f3gi\u00e1t)<\/p>\n\n\n\n<p>\u2013 P\u00e9csett 1943-ban az Egyetemi K\u00f6nyvt\u00e1rt\u00f3l kapott anyagb\u00f3l \u00e9s v\u00e1s\u00e1rl\u00e1sokb\u00f3l \u00f6ssze\u00e1ll\u00edtott k\u00f6nyv\u00e1llom\u00e1nyb\u00f3l megalakult a P\u00e9csi V\u00e1rosi K\u00f6nyvt\u00e1r. A n\u00e9ha \u00f6sszevont, n\u00e9ha sz\u00e9tv\u00e1lasztott V\u00e1rosi \u00e9s Megyei K\u00f6nyvt\u00e1r t\u00f6rt\u00e9net\u00e9nek r\u00e9szletesebb ismertet\u00e9se;<\/p>\n\n\n\n<p>\u2013 1945-t\u0151l tan\u00e1csi h\u00e1l\u00f3zat (V\u00e1rosi K\u00f6nyvt\u00e1r 1952-ig; K\u00f6rzeti K\u00f6nyvt\u00e1r 1945 ut\u00e1n; a V\u00e1rosi K\u00f6nyvt\u00e1r a K\u00f6rzeti K\u00f6nyvt\u00e1rral \u00f6sszevonva 1952-t\u0151l; Megyei K\u00f6nyvt\u00e1r 1956-t\u00f3l, V\u00e1rosi K\u00f6nyvt\u00e1r \u00e9s Megyei K\u00f6nyvt\u00e1r 1960-t\u00f3l \u00fajra k\u00fcl\u00f6n);<\/p>\n\n\n\n<p>\u2013 1945-t\u0151l tudom\u00e1nyos k\u00f6nyvt\u00e1rak (Egyetemi K\u00f6nyvt\u00e1r, POTE K\u00f6nyvt\u00e1r, PTF K\u00f6nyvt\u00e1r, PMMF K\u00f6nyvt\u00e1r, egyetemi karok k\u00f6nyvt\u00e1rai: Jogi Kar, FEEFI stb.);<\/p>\n\n\n\n<p>\u2013 1951 nov. 7-t\u0151l Szakszervezeti K\u00f6nyvt\u00e1r v\u00e1rosi megyei h\u00e1l\u00f3zata (politikai munkat\u00e1rs);<\/p>\n\n\n\n<p>\u2013 iskolai k\u00f6nyvt\u00e1rak k\u00f6z\u00e9piskolai, \u00e1ltal\u00e1nos iskolai, szakk\u00e9pz\u0151 iskolai k\u00f6nyvt\u00e1rak (Pedag\u00f3giai K\u00f6nyvt\u00e1r; Nevel\u00e9si K\u00f6zpont K\u00f6nyvt\u00e1ra).<\/p>\n\n\n\n<p>K\u00f6nyvt\u00e1rt\u00f6rt\u00e9net a rendszerv\u00e1ltoz\u00e1st\u00f3l \u00e9s a szigor\u00faan ellen\u0151rz\u00f6tt algoritmusok megjelen\u00e9s\u00e9t\u0151l. Mennyis\u00e9g helyett online min\u0151s\u00e9get(?)<\/p>\n\n\n\n<p>\u2013 2010 \u2013 Tud\u00e1sk\u00f6zpont: a k\u00f6nyvt\u00e1rak teljes \u00f6sszevon\u00e1sa \u00e9s sz\u00e1m\u00edt\u00f3g\u00e9pes\u00edt\u00e9s; az ellen\u0151rz\u00e9st az emberekt\u0151l \u00e1tveszik az algoritmusok (\u00e9s az \u00f6r\u00f6k\u00f6s p\u00e9nzhi\u00e1ny);<\/p>\n\n\n\n<p>\u2013 a cenz\u00far\u00e1n\u00e1l is szigor\u00fabb ellen\u0151rz\u00e9s alakul ki: \u00f6sszevont k\u00f6nyvt\u00e1rak, \u00f6sszevont \u00e1llom\u00e1nyok \u00e9s katal\u00f3gusok, orsz\u00e1gos \u00e9s nemzeti katal\u00f3gusok, adatb\u00e1zisok, online k\u00f6nyvek, online foly\u00f3iratok, Google, Facebook, mesters\u00e9ges intelligencia, felh\u0151;<\/p>\n\n\n\n<p>\u2013 egzotikus k\u00f6nyvt\u00e1ri pr\u00f3b\u00e1lkoz\u00e1sok: libressz\u00f3, H\u00edrlapolvas\u00f3, mozg\u00f3k\u00f6nyvt\u00e1r.<\/p>\n\n\n\n<p>Az el\u0151ad\u00e1s sor\u00e1n sz\u00f3 esik t\u00f6bbek k\u00f6z\u00f6tt V\u00e1rkonyi N\u00e1ndor, We\u00f6res S\u00e1ndor, Csorba Gy\u0151z\u0151 \u00e9s Bert\u00f3k L\u00e1szl\u00f3 k\u00f6nyvt\u00e1rosok munk\u00e1ss\u00e1g\u00e1r\u00f3l is, valamint illusztr\u00e1ci\u00f3k form\u00e1j\u00e1ban r\u00e9gi dokumentumok, k\u00f6nyvt\u00e1rakr\u00f3l k\u00e9sz\u00fclt fot\u00f3k is bemutat\u00e1sra ker\u00fclnek.<\/p>\n\n\n\n<p class=\"has-text-align-center\">G\u00c1L Andr\u00e1s t\u00f6rt\u00e9n\u00e9sz<\/p>\n\n\n\n<p class=\"has-text-align-center\"><strong>A Bodai Pl\u00e9b\u00e1nia t\u00f6rt\u00e9nete a R\u00e1kosi-korszakban<\/strong><\/p>\n\n\n\n<p>A m\u00e1sodik vil\u00e1gh\u00e1bor\u00fa ut\u00e1n Magyarorsz\u00e1g szovjet befoly\u00e1s al\u00e1 ker\u00fclt, \u00e9s megkezd\u0151d\u00f6tt a kommunista hatalom fokozatos ki\u00e9p\u00edt\u00e9se. A demokratikusnak indul\u00f3 id\u0151szakot (1945\u20131947) R\u00e1kosi M\u00e1ty\u00e1s \u00e9s a szovjet t\u00e1mogat\u00e1s\u00fa Magyar Kommunista P\u00e1rt uralta, akik a \u201eszal\u00e1mitaktik\u00e1val\u201d \u00e9s a manipul\u00e1lt, \u00fagynevezett \u201ek\u00e9kc\u00e9dul\u00e1s\u201d v\u00e1laszt\u00e1ssal fokozatosan felsz\u00e1molt\u00e1k politikai ellenfeleiket. 1949-ben megsz\u00fcletett a szovjet mint\u00e1j\u00fa alkotm\u00e1ny, megalakult a Magyar N\u00e9pk\u00f6zt\u00e1rsas\u00e1g, \u00e9s kezdet\u00e9t vette a szt\u00e1linista diktat\u00fara, amely a t\u00e1rsadalom, a gazdas\u00e1g \u00e9s a kult\u00fara teljes \u00e1talak\u00edt\u00e1s\u00e1t c\u00e9lozta.<\/p>\n\n\n\n<p>Ebben a politikai \u00e9s vall\u00e1si elnyom\u00e1ssal terhelt korszakban Boda k\u00f6zs\u00e9g lak\u00f3i m\u00e9gis megval\u00f3s\u00edtott\u00e1k r\u00e9gi \u00e1lmukat: \u00f6n\u00e1ll\u00f3 pl\u00e9b\u00e1ni\u00e1t alap\u00edtottak, \u00e9s helyben lak\u00f3 pl\u00e9b\u00e1nost kaptak. B\u00e1r az \u00e1llam nem enged\u00e9lyezte hivatalosan a pl\u00e9b\u00e1niaalap\u00edt\u00e1st, a h\u00edvek 1949 \u00e1prilis\u00e1ban, m\u00e9g a tot\u00e1lis diktat\u00fara el\u0151tt, a gyakorlatban el\u00e9rt\u00e9k egyh\u00e1zi \u00f6n\u00e1ll\u00f3s\u00e1gukat. A pl\u00e9b\u00e1nia a k\u00f6z\u00f6ss\u00e9gi \u00e9let k\u00f6zpontj\u00e1v\u00e1 v\u00e1lt, \u00e9s a vall\u00e1sos hagyom\u00e1nyok meg\u0151rz\u00e9s\u00e9vel a helyiek lelki ellen\u00e1ll\u00e1s\u00e1nak jelk\u00e9p\u00e9v\u00e9 n\u0151tte ki mag\u00e1t. A pl\u00e9b\u00e1nosok \u00e1ltal vezetett <em>Historia Domus<\/em> a k\u00f6zs\u00e9g vall\u00e1si \u00e9s t\u00e1rsadalmi \u00e9let\u00e9nek leg\u00e9rt\u00e9kesebb forr\u00e1sa lett, amely h\u0171en t\u00fckr\u00f6zi a bodaiak kitart\u00e1s\u00e1t a kommunista korszak legnehezebb \u00e9veiben is.<\/p>\n\n\n\n<p class=\"has-text-align-center\"><strong>Tov\u00e1bbi inform\u00e1ci\u00f3k<\/strong><\/p>\n\n\n\n<p class=\"has-text-align-center\">A rendezv\u00e9nyre a bel\u00e9p\u00e9s d\u00edjtalan. A programv\u00e1ltoztat\u00e1s jog\u00e1t fenntartjuk. A rendezv\u00e9nyen k\u00e9p- \u00e9s hangfelv\u00e9tel k\u00e9sz\u00fcl. A l\u00e1togat\u00f3kat a terem befogad\u00f3k\u00e9pess\u00e9g\u00e9nek hat\u00e1r\u00e1ig tudjuk fogadni, \u00e9rkez\u00e9si sorrendben.<\/p>\n\n\n\n<p class=\"has-text-align-center\">A mell\u00e9kelt k\u00e9pek a Csorba Gy\u0151z\u0151 K\u00f6nyvt\u00e1r Helyismereti Gy\u0171jtem\u00e9ny\u00e9b\u0151l sz\u00e1rmaznak.<\/p>\n\n\n\n<p class=\"has-text-align-center\">A konferencia programf\u00fczete let\u00f6lthet\u0151 a k\u00f6vetkez\u0151 linkr\u0151l:<\/p>\n\n\n\n<p class=\"has-text-align-center\"><a href=\"https:\/\/drive.google.com\/file\/d\/1PMU0BgGWee4eq3JN72uPhtyl_UwUn3CV\/view?usp=drive_link\">https:\/\/drive.google.com\/file\/d\/1PMU0BgGWee4eq3JN72uPhtyl_UwUn3CV\/view?usp=drive_link<\/a><\/p>\n\n\n\n<p class=\"has-text-align-center\">A konferencia megval\u00f3s\u00edt\u00e1s\u00e1t a Minisztereln\u00f6ks\u00e9g \u00e9s a Bethlen G\u00e1bor Alapkezel\u0151 Zrt. a Nemzeti Egy\u00fcttm\u0171k\u00f6d\u00e9si Alap T\u00e1mogat\u00e1si Program 2025 p\u00e1ly\u00e1zat \u201ecivil szervezetek szakmai programj\u00e1nak megval\u00f3s\u00edt\u00e1s\u00e1ra \u00e9s m\u0171k\u00f6d\u00e9s\u00e9nek biztos\u00edt\u00e1s\u00e1ra\u201d ki\u00edrt alprogramja r\u00e9v\u00e9n t\u00e1mogatta.<\/p>\n\n\n<div class=\"wp-block-image\">\n<figure class=\"aligncenter size-large\"><img fetchpriority=\"high\" decoding=\"async\" width=\"1024\" height=\"205\" src=\"https:\/\/dtste.hu\/wp-content\/uploads\/2022\/09\/Logo-NEA-1024x205.png\" alt=\"\" class=\"wp-image-1278\" srcset=\"https:\/\/dtste.hu\/wp-content\/uploads\/2022\/09\/Logo-NEA-1024x205.png 1024w, https:\/\/dtste.hu\/wp-content\/uploads\/2022\/09\/Logo-NEA-300x60.png 300w, https:\/\/dtste.hu\/wp-content\/uploads\/2022\/09\/Logo-NEA-768x154.png 768w, https:\/\/dtste.hu\/wp-content\/uploads\/2022\/09\/Logo-NEA-1536x307.png 1536w, https:\/\/dtste.hu\/wp-content\/uploads\/2022\/09\/Logo-NEA-2048x410.png 2048w, https:\/\/dtste.hu\/wp-content\/uploads\/2022\/09\/Logo-NEA-260x52.png 260w, https:\/\/dtste.hu\/wp-content\/uploads\/2022\/09\/Logo-NEA-50x10.png 50w, https:\/\/dtste.hu\/wp-content\/uploads\/2022\/09\/Logo-NEA-150x30.png 150w\" sizes=\"(max-width:767px) 700px, (max-width:1024px) 100vw, 1024px\" \/><\/figure><\/div>\n\n\n<p><\/p>\n","protected":false},"excerpt":{"rendered":"<p>A konferencia programja 2025. okt\u00f3ber 28. (kedd) Megyeh\u00e1za (7621 P\u00e9cs, Sz\u00e9chenyi t\u00e9r 9.) Megnyit\u00f3 17.10 K\u00f6sz\u00f6nt\u0151 Szal\u00e1nczi Kriszti\u00e1n, a D\u00e9l-dun\u00e1nt\u00fali T\u00f6rt\u00e9nelmi \u00e9s Sajt\u00f3t\u00f6rt\u00e9neti Egyes\u00fclet eln\u00f6ke El\u0151ad\u00e1sok<span class=\"excerpt-hellip\"> [\u2026]<\/span><\/p>\n","protected":false},"author":1,"featured_media":3729,"comment_status":"open","ping_status":"open","sticky":false,"template":"","format":"standard","meta":{"footnotes":""},"categories":[3],"tags":[42,23,166,165,24,27],"class_list":["post-3728","post","type-post","status-publish","format-standard","has-post-thumbnail","hentry","category-hirek","tag-dunantul","tag-eloadas","tag-helyismeret","tag-helytortenet","tag-konferencia","tag-pecs"],"_links":{"self":[{"href":"https:\/\/dtste.hu\/index.php?rest_route=\/wp\/v2\/posts\/3728","targetHints":{"allow":["GET"]}}],"collection":[{"href":"https:\/\/dtste.hu\/index.php?rest_route=\/wp\/v2\/posts"}],"about":[{"href":"https:\/\/dtste.hu\/index.php?rest_route=\/wp\/v2\/types\/post"}],"author":[{"embeddable":true,"href":"https:\/\/dtste.hu\/index.php?rest_route=\/wp\/v2\/users\/1"}],"replies":[{"embeddable":true,"href":"https:\/\/dtste.hu\/index.php?rest_route=%2Fwp%2Fv2%2Fcomments&post=3728"}],"version-history":[{"count":6,"href":"https:\/\/dtste.hu\/index.php?rest_route=\/wp\/v2\/posts\/3728\/revisions"}],"predecessor-version":[{"id":3735,"href":"https:\/\/dtste.hu\/index.php?rest_route=\/wp\/v2\/posts\/3728\/revisions\/3735"}],"wp:featuredmedia":[{"embeddable":true,"href":"https:\/\/dtste.hu\/index.php?rest_route=\/wp\/v2\/media\/3729"}],"wp:attachment":[{"href":"https:\/\/dtste.hu\/index.php?rest_route=%2Fwp%2Fv2%2Fmedia&parent=3728"}],"wp:term":[{"taxonomy":"category","embeddable":true,"href":"https:\/\/dtste.hu\/index.php?rest_route=%2Fwp%2Fv2%2Fcategories&post=3728"},{"taxonomy":"post_tag","embeddable":true,"href":"https:\/\/dtste.hu\/index.php?rest_route=%2Fwp%2Fv2%2Ftags&post=3728"}],"curies":[{"name":"wp","href":"https:\/\/api.w.org\/{rel}","templated":true}]}}