{"id":3707,"date":"2025-10-25T12:59:42","date_gmt":"2025-10-25T12:59:42","guid":{"rendered":"https:\/\/dtste.hu\/?p=3707"},"modified":"2025-10-25T22:05:00","modified_gmt":"2025-10-25T22:05:00","slug":"gal-andras-a-bodai-plebania-tortenete-a-rakosi-korszakban-konferencia-eloadas-absztraktja","status":"publish","type":"post","link":"https:\/\/dtste.hu\/?p=3707","title":{"rendered":"G\u00e1l Andr\u00e1s: A Bodai Pl\u00e9b\u00e1nia t\u00f6rt\u00e9nete a R\u00e1kosi-korszakban \u2013 konferencia-el\u0151ad\u00e1s absztraktja"},"content":{"rendered":"\n<p>Egyes\u00fclet\u00fcnk 2025. okt\u00f3ber 28-\u00e1n, 17.00 \u00f3r\u00e1t\u00f3l Pillanatk\u00e9pek Baranya v\u00e1rmegye helyt\u00f6rt\u00e9net\u00e9b\u0151l (VIII.) c\u00edmmel helyismereti konferenci\u00e1t rendez P\u00e9csett, a Megyeh\u00e1za \u00e9p\u00fclet\u00e9ben. A tal\u00e1lkoz\u00f3 negyedik el\u0151ad\u00e1s\u00e1t G\u00e1l Andr\u00e1s t\u00f6rt\u00e9n\u00e9sz tartja.<img decoding=\"async\" height=\"16\" width=\"16\" src=\"https:\/\/static.xx.fbcdn.net\/images\/emoji.php\/v9\/t58\/1.5\/16\/1f3a5.png\" alt=\"\ud83c\udfa5\"><img decoding=\"async\" height=\"16\" width=\"16\" src=\"https:\/\/static.xx.fbcdn.net\/images\/emoji.php\/v9\/t84\/1.5\/16\/1f399.png\" alt=\"\ud83c\udf99\"><\/p>\n\n\n\n<p>A konferenci\u00e1n a r\u00e9szv\u00e9tel ingyenes, minden \u00e9rdekl\u0151d\u0151t nagy szeretettel v\u00e1runk!<\/p>\n\n\n\n<p><strong>\u00d6sszefoglal\u00f3: <\/strong><\/p>\n\n\n\n<p>\u201eA m\u00e1sodik vil\u00e1gh\u00e1bor\u00fa ut\u00e1n Magyarorsz\u00e1g szovjet befoly\u00e1s al\u00e1 ker\u00fclt, \u00e9s megkezd\u0151d\u00f6tt a kommunista hatalom fokozatos ki\u00e9p\u00edt\u00e9se. A demokratikusnak indul\u00f3 id\u0151szakot (1945\u20131947) R\u00e1kosi M\u00e1ty\u00e1s \u00e9s a szovjet t\u00e1mogat\u00e1s\u00fa Magyar Kommunista P\u00e1rt uralta, akik a \u201eszal\u00e1mitaktik\u00e1val\u201d \u00e9s a manipul\u00e1lt, \u00fagynevezett \u201ek\u00e9kc\u00e9dul\u00e1s\u201d v\u00e1laszt\u00e1ssal fokozatosan felsz\u00e1molt\u00e1k politikai ellenfeleiket. 1949-ben megsz\u00fcletett a szovjet mint\u00e1j\u00fa alkotm\u00e1ny, megalakult a Magyar N\u00e9pk\u00f6zt\u00e1rsas\u00e1g, \u00e9s kezdet\u00e9t vette a szt\u00e1linista diktat\u00fara, amely a t\u00e1rsadalom, a gazdas\u00e1g \u00e9s a kult\u00fara teljes \u00e1talak\u00edt\u00e1s\u00e1t c\u00e9lozta.<\/p>\n\n\n\n<p>Ebben a politikai \u00e9s vall\u00e1si elnyom\u00e1ssal terhelt korszakban Boda k\u00f6zs\u00e9g lak\u00f3i m\u00e9gis megval\u00f3s\u00edtott\u00e1k r\u00e9gi \u00e1lmukat: \u00f6n\u00e1ll\u00f3 pl\u00e9b\u00e1ni\u00e1t alap\u00edtottak, \u00e9s helyben lak\u00f3 pl\u00e9b\u00e1nost kaptak. B\u00e1r az \u00e1llam nem enged\u00e9lyezte hivatalosan a pl\u00e9b\u00e1niaalap\u00edt\u00e1st, a h\u00edvek 1949 \u00e1prilis\u00e1ban, m\u00e9g a tot\u00e1lis diktat\u00fara el\u0151tt, a gyakorlatban el\u00e9rt\u00e9k egyh\u00e1zi \u00f6n\u00e1ll\u00f3s\u00e1gukat. A pl\u00e9b\u00e1nia a k\u00f6z\u00f6ss\u00e9gi \u00e9let k\u00f6zpontj\u00e1v\u00e1 v\u00e1lt, \u00e9s a vall\u00e1sos hagyom\u00e1nyok meg\u0151rz\u00e9s\u00e9vel a helyiek lelki ellen\u00e1ll\u00e1s\u00e1nak jelk\u00e9p\u00e9v\u00e9 n\u0151tte ki mag\u00e1t. A pl\u00e9b\u00e1nosok \u00e1ltal vezetett <em>Historia Domus<\/em> a k\u00f6zs\u00e9g vall\u00e1si \u00e9s t\u00e1rsadalmi \u00e9let\u00e9nek leg\u00e9rt\u00e9kesebb forr\u00e1sa lett, amely h\u0171en t\u00fckr\u00f6zi a bodaiak kitart\u00e1s\u00e1t a kommunista korszak legnehezebb \u00e9veiben is.\u201d<\/p>\n\n\n\n<p>A szervez\u0151k a programv\u00e1ltoztat\u00e1s jog\u00e1t fenntartj\u00e1k. A rendezv\u00e9nyen k\u00e9p- \u00e9s hangfelv\u00e9tel k\u00e9sz\u00fcl. A l\u00e1togat\u00f3kat a terem befogad\u00f3k\u00e9pess\u00e9g\u00e9nek hat\u00e1r\u00e1ig tudjuk fogadni, \u00e9rkez\u00e9si sorrendben<\/p>\n\n\n\n<p>A mell\u00e9kelt k\u00e9pen a bodai Keresztel\u0151 Szent J\u00e1nos-templom l\u00e1that\u00f3, k\u00f6r\u00fcl\u00f6tte a telep\u00fcl\u00e9s h\u00e1zaival. A k\u00e9p forr\u00e1sa: <em>Historia Domus<\/em>, Boda<\/p>\n\n\n\n<p class=\"has-text-align-center\"><strong>Az el\u0151ad\u00e1s helysz\u00edne: Megyeh\u00e1za (7621 P\u00e9cs, Sz\u00e9chenyi t\u00e9r 9.<\/strong>)<\/p>\n\n\n\n<p class=\"has-text-align-center\"><strong>Id\u0151pont: 2025. okt\u00f3ber 28. (kedd), 19.05<\/strong><\/p>\n\n\n<div class=\"wp-block-image\">\n<figure class=\"aligncenter size-large is-resized\"><img fetchpriority=\"high\" decoding=\"async\" width=\"1024\" height=\"205\" src=\"https:\/\/dtste.hu\/wp-content\/uploads\/2024\/01\/NEA_ME_BGA-1024x205.png\" alt=\"\" class=\"wp-image-2553\" style=\"width:612px;height:auto\" srcset=\"https:\/\/dtste.hu\/wp-content\/uploads\/2024\/01\/NEA_ME_BGA-1024x205.png 1024w, https:\/\/dtste.hu\/wp-content\/uploads\/2024\/01\/NEA_ME_BGA-300x60.png 300w, https:\/\/dtste.hu\/wp-content\/uploads\/2024\/01\/NEA_ME_BGA-768x154.png 768w, https:\/\/dtste.hu\/wp-content\/uploads\/2024\/01\/NEA_ME_BGA-1536x307.png 1536w, https:\/\/dtste.hu\/wp-content\/uploads\/2024\/01\/NEA_ME_BGA-2048x410.png 2048w, https:\/\/dtste.hu\/wp-content\/uploads\/2024\/01\/NEA_ME_BGA-150x30.png 150w, https:\/\/dtste.hu\/wp-content\/uploads\/2024\/01\/NEA_ME_BGA-700x140.png 700w\" sizes=\"(max-width:767px) 700px, (max-width:1024px) 100vw, 1024px\" \/><\/figure><\/div>","protected":false},"excerpt":{"rendered":"<p>Egyes\u00fclet\u00fcnk 2025. okt\u00f3ber 28-\u00e1n, 17.00 \u00f3r\u00e1t\u00f3l Pillanatk\u00e9pek Baranya v\u00e1rmegye helyt\u00f6rt\u00e9net\u00e9b\u0151l (VIII.) c\u00edmmel helyismereti konferenci\u00e1t rendez P\u00e9csett, a Megyeh\u00e1za \u00e9p\u00fclet\u00e9ben. A tal\u00e1lkoz\u00f3 negyedik el\u0151ad\u00e1s\u00e1t G\u00e1l Andr\u00e1s t\u00f6rt\u00e9n\u00e9sz<span class=\"excerpt-hellip\"> [\u2026]<\/span><\/p>\n","protected":false},"author":1,"featured_media":3721,"comment_status":"open","ping_status":"open","sticky":false,"template":"","format":"standard","meta":{"footnotes":""},"categories":[3],"tags":[42,23,166,165,24,27],"class_list":["post-3707","post","type-post","status-publish","format-standard","has-post-thumbnail","hentry","category-hirek","tag-dunantul","tag-eloadas","tag-helyismeret","tag-helytortenet","tag-konferencia","tag-pecs"],"_links":{"self":[{"href":"https:\/\/dtste.hu\/index.php?rest_route=\/wp\/v2\/posts\/3707","targetHints":{"allow":["GET"]}}],"collection":[{"href":"https:\/\/dtste.hu\/index.php?rest_route=\/wp\/v2\/posts"}],"about":[{"href":"https:\/\/dtste.hu\/index.php?rest_route=\/wp\/v2\/types\/post"}],"author":[{"embeddable":true,"href":"https:\/\/dtste.hu\/index.php?rest_route=\/wp\/v2\/users\/1"}],"replies":[{"embeddable":true,"href":"https:\/\/dtste.hu\/index.php?rest_route=%2Fwp%2Fv2%2Fcomments&post=3707"}],"version-history":[{"count":4,"href":"https:\/\/dtste.hu\/index.php?rest_route=\/wp\/v2\/posts\/3707\/revisions"}],"predecessor-version":[{"id":3727,"href":"https:\/\/dtste.hu\/index.php?rest_route=\/wp\/v2\/posts\/3707\/revisions\/3727"}],"wp:featuredmedia":[{"embeddable":true,"href":"https:\/\/dtste.hu\/index.php?rest_route=\/wp\/v2\/media\/3721"}],"wp:attachment":[{"href":"https:\/\/dtste.hu\/index.php?rest_route=%2Fwp%2Fv2%2Fmedia&parent=3707"}],"wp:term":[{"taxonomy":"category","embeddable":true,"href":"https:\/\/dtste.hu\/index.php?rest_route=%2Fwp%2Fv2%2Fcategories&post=3707"},{"taxonomy":"post_tag","embeddable":true,"href":"https:\/\/dtste.hu\/index.php?rest_route=%2Fwp%2Fv2%2Ftags&post=3707"}],"curies":[{"name":"wp","href":"https:\/\/api.w.org\/{rel}","templated":true}]}}