{"id":3687,"date":"2025-10-24T16:50:46","date_gmt":"2025-10-24T16:50:46","guid":{"rendered":"https:\/\/dtste.hu\/?p=3687"},"modified":"2025-10-25T14:07:27","modified_gmt":"2025-10-25T14:07:27","slug":"pinter-laszlo-a-szigoruan-ellenorzott-nepkonyvtaraktol-a-szigoruan-ellenorzott-algoritmusokig-a-tudaskozpontig-kepek-pecs-es-baranya-varmegye-konyvtartortenetebol-1943-2010-konfe","status":"publish","type":"post","link":"https:\/\/dtste.hu\/?p=3687","title":{"rendered":"Pint\u00e9r L\u00e1szl\u00f3: A l\u00e1dak\u00f6nyvt\u00e1rakt\u00f3l a Tud\u00e1sk\u00f6zpontig, az \u00edr\u00f3g\u00e9pt\u0151l a felh\u0151alap\u00fa t\u00e1rol\u00e1sig. K\u00e9pek P\u00e9cs \u00e9s Baranya v\u00e1rmegye k\u00f6nyvt\u00e1rt\u00f6rt\u00e9net\u00e9b\u0151l, 1943\u20132010 \u2013 konferencia-el\u0151ad\u00e1s absztraktja"},"content":{"rendered":"\n<p>Egyes\u00fclet\u00fcnk 2025. okt\u00f3ber 28-\u00e1n, 17.00 \u00f3r\u00e1t\u00f3l Pillanatk\u00e9pek Baranya v\u00e1rmegye helyt\u00f6rt\u00e9net\u00e9b\u0151l (VIII.) c\u00edmmel helyismereti konferenci\u00e1t rendez P\u00e9csett, a Megyeh\u00e1za \u00e9p\u00fclet\u00e9ben. A tal\u00e1lkoz\u00f3 harmadik el\u0151ad\u00e1s\u00e1t Pint\u00e9r L\u00e1szl\u00f3 k\u00f6nyvt\u00e1ros, nyugalmazott k\u00f6nyvt\u00e1rigazgat\u00f3 tartja.<img decoding=\"async\" height=\"16\" width=\"16\" src=\"https:\/\/static.xx.fbcdn.net\/images\/emoji.php\/v9\/t58\/1.5\/16\/1f3a5.png\" alt=\"\ud83c\udfa5\"><img decoding=\"async\" height=\"16\" width=\"16\" src=\"https:\/\/static.xx.fbcdn.net\/images\/emoji.php\/v9\/t84\/1.5\/16\/1f399.png\" alt=\"\ud83c\udf99\"><\/p>\n\n\n\n<p>A konferenci\u00e1n a r\u00e9szv\u00e9tel ingyenes, minden \u00e9rdekl\u0151d\u0151t nagy szeretettel v\u00e1runk!<\/p>\n\n\n\n<p><strong>Az el\u0151ad\u00e1s v\u00e1zlata:<\/strong><\/p>\n\n\n\n<p>1. K\u00f6nyvt\u00e1rt\u00f6rt\u00e9net a szigor\u00faan ellen\u0151rz\u00f6tt k\u00f6nyv\u00e1llom\u00e1ny \u00e9s dolgoz\u00f3k idej\u00e9n (1946\u20131990). A<br>mennyis\u00e9gi szeml\u00e9let korszaka\u2026 minden k\u00e9zbe k\u00f6nyvet (\u00e9s ideol\u00f3gi\u00e1t)<\/p>\n\n\n\n<ul class=\"wp-block-list\">\n<li>P\u00e9csett 1943-ban az Egyetemi K\u00f6nyvt\u00e1rt\u00f3l kapott anyagb\u00f3l \u00e9s v\u00e1s\u00e1rl\u00e1sokb\u00f3l \u00f6ssze\u00e1ll\u00edtott<br>k\u00f6nyv\u00e1llom\u00e1nyb\u00f3l megalakult a P\u00e9csi V\u00e1rosi K\u00f6nyvt\u00e1r. A n\u00e9ha \u00f6sszevont, n\u00e9ha sz\u00e9tv\u00e1lasztott V\u00e1rosi<br>\u00e9s Megyei K\u00f6nyvt\u00e1r t\u00f6rt\u00e9net\u00e9nek r\u00e9szletesebb ismertet\u00e9se<\/li>\n\n\n\n<li>1945-t\u0151l tan\u00e1csi h\u00e1l\u00f3zat (V\u00e1rosi K\u00f6nyvt\u00e1r 1952-ig; K\u00f6rzeti K\u00f6nyvt\u00e1r 1945 ut\u00e1n; a V\u00e1rosi K\u00f6nyvt\u00e1r a K\u00f6rzeti K\u00f6nyvt\u00e1rral \u00f6sszevonva 1952-t\u0151l; Megyei K\u00f6nyvt\u00e1r 1956-t\u00f3l, V\u00e1rosi K\u00f6nyvt\u00e1r \u00e9s Megyei K\u00f6nyvt\u00e1r 1960-t\u00f3l \u00fajra k\u00fcl\u00f6n)<\/li>\n\n\n\n<li>1945-t\u0151l tudom\u00e1nyos k\u00f6nyvt\u00e1rak (Egyetemi K\u00f6nyvt\u00e1r, POTE K\u00f6nyvt\u00e1r, PTF K\u00f6nyvt\u00e1r, PMMF K\u00f6nyvt\u00e1r, egyetemi karok k\u00f6nyvt\u00e1rai: Jogi Kar, FEEFI stb.)<\/li>\n\n\n\n<li>1951 nov. 7-t\u0151l Szakszervezeti K\u00f6nyvt\u00e1r v\u00e1rosi megyei h\u00e1l\u00f3zata (politikai munkat\u00e1rs)<\/li>\n\n\n\n<li>Iskolai k\u00f6nyvt\u00e1rak: k\u00f6z\u00e9piskolai, \u00e1ltal\u00e1nos iskolai, szakk\u00e9pz\u0151 iskolai k\u00f6nyvt\u00e1rak (Pedag\u00f3giai K\u00f6nyvt\u00e1r, Nevel\u00e9si K\u00f6zpont K\u00f6nyvt\u00e1ra)<\/li>\n<\/ul>\n\n\n\n<p>2. K\u00f6nyvt\u00e1rt\u00f6rt\u00e9net a rendszerv\u00e1ltoz\u00e1st\u00f3l \u00e9s a szigor\u00faan ellen\u0151rz\u00f6tt algoritmusok megjelen\u00e9s\u00e9t\u0151l. Mennyis\u00e9g helyett online min\u0151s\u00e9get(?)<\/p>\n\n\n\n<ul class=\"wp-block-list\">\n<li>2010 \u2013 Tud\u00e1sk\u00f6zpont: a k\u00f6nyvt\u00e1rak teljes \u00f6sszevon\u00e1sa \u00e9s sz\u00e1m\u00edt\u00f3g\u00e9pes\u00edt\u00e9s; az ellen\u0151rz\u00e9st az<br>emberekt\u0151l \u00e1tveszik az algoritmusok (\u00e9s az \u00f6r\u00f6k\u00f6s p\u00e9nzhi\u00e1ny)<\/li>\n\n\n\n<li>A cenz\u00far\u00e1n\u00e1l is szigor\u00fabb ellen\u0151rz\u00e9s alakul ki: \u00f6sszevont k\u00f6nyvt\u00e1rak, \u00f6sszevont \u00e1llom\u00e1nyok \u00e9s katal\u00f3gusok, orsz\u00e1gos \u00e9s nemzeti katal\u00f3gusok, adatb\u00e1zisok, online k\u00f6nyvek, online foly\u00f3iratok, Google, Facebook, mesters\u00e9ges, intelligencia, felh\u0151<\/li>\n\n\n\n<li>Egzotikus k\u00f6nyvt\u00e1ri pr\u00f3b\u00e1lkoz\u00e1sok: libressz\u00f3, H\u00edrlapolvas\u00f3, mozg\u00f3k\u00f6nyvt\u00e1r<\/li>\n<\/ul>\n\n\n\n<p>3. K\u00f6nyvt\u00e1rosok: V\u00e1rkonyi N\u00e1ndor, We\u00f6res S\u00e1ndor, Csorba Gy\u0151z\u0151, Bert\u00f3k L\u00e1szl\u00f3 \u00e9s m\u00e1sok<\/p>\n\n\n\n<p>4. Az el\u0151ad\u00e1s illusztr\u00e1ci\u00f3i: k\u00f6nyvt\u00e1rosok, dokumentumok, k\u00f6nyvt\u00e1rak fot\u00f3i<\/p>\n\n\n\n<p>A szervez\u0151k a programv\u00e1ltoztat\u00e1s jog\u00e1t fenntartj\u00e1k. A rendezv\u00e9nyen k\u00e9p- \u00e9s hangfelv\u00e9tel k\u00e9sz\u00fcl. A l\u00e1togat\u00f3kat a terem befogad\u00f3k\u00e9pess\u00e9g\u00e9nek hat\u00e1r\u00e1ig tudjuk fogadni, \u00e9rkez\u00e9si sorrendben<\/p>\n\n\n\n<p>A mell\u00e9kelt k\u00e9pen a p\u00e9csi V\u00e1rkonyi N\u00e1ndor Fi\u00f3kk\u00f6nyvt\u00e1r l\u00e1that\u00f3 egy 1981-b\u0151l sz\u00e1rmaz\u00f3 felv\u00e9telen. A k\u00e9p forr\u00e1sa: Magyar Nemzeti Digit\u00e1lis Arch\u00edvum \/ Csorba Gy\u0151z\u0151 K\u00f6nyvt\u00e1r Helyismereti Gy\u0171jtem\u00e9ny<\/p>\n\n\n\n<p class=\"has-text-align-center\"><strong>Az el\u0151ad\u00e1s helysz\u00edne: Megyeh\u00e1za (7621 P\u00e9cs, Sz\u00e9chenyi t\u00e9r 9.<\/strong>)<\/p>\n\n\n\n<p class=\"has-text-align-center\"><strong>Id\u0151pont: 2025. okt\u00f3ber 28. (kedd), 18.35<\/strong><\/p>\n\n\n<div class=\"wp-block-image\">\n<figure class=\"aligncenter size-large is-resized\"><img fetchpriority=\"high\" decoding=\"async\" width=\"1024\" height=\"205\" src=\"https:\/\/dtste.hu\/wp-content\/uploads\/2024\/01\/NEA_ME_BGA-1024x205.png\" alt=\"\" class=\"wp-image-2553\" style=\"width:612px;height:auto\" srcset=\"https:\/\/dtste.hu\/wp-content\/uploads\/2024\/01\/NEA_ME_BGA-1024x205.png 1024w, https:\/\/dtste.hu\/wp-content\/uploads\/2024\/01\/NEA_ME_BGA-300x60.png 300w, https:\/\/dtste.hu\/wp-content\/uploads\/2024\/01\/NEA_ME_BGA-768x154.png 768w, https:\/\/dtste.hu\/wp-content\/uploads\/2024\/01\/NEA_ME_BGA-1536x307.png 1536w, https:\/\/dtste.hu\/wp-content\/uploads\/2024\/01\/NEA_ME_BGA-2048x410.png 2048w, https:\/\/dtste.hu\/wp-content\/uploads\/2024\/01\/NEA_ME_BGA-150x30.png 150w, https:\/\/dtste.hu\/wp-content\/uploads\/2024\/01\/NEA_ME_BGA-700x140.png 700w\" sizes=\"(max-width:767px) 700px, (max-width:1024px) 100vw, 1024px\" \/><\/figure><\/div>","protected":false},"excerpt":{"rendered":"<p>Egyes\u00fclet\u00fcnk 2025. okt\u00f3ber 28-\u00e1n, 17.00 \u00f3r\u00e1t\u00f3l Pillanatk\u00e9pek Baranya v\u00e1rmegye helyt\u00f6rt\u00e9net\u00e9b\u0151l (VIII.) c\u00edmmel helyismereti konferenci\u00e1t rendez P\u00e9csett, a Megyeh\u00e1za \u00e9p\u00fclet\u00e9ben. A tal\u00e1lkoz\u00f3 harmadik el\u0151ad\u00e1s\u00e1t Pint\u00e9r L\u00e1szl\u00f3 k\u00f6nyvt\u00e1ros,<span class=\"excerpt-hellip\"> [\u2026]<\/span><\/p>\n","protected":false},"author":1,"featured_media":3693,"comment_status":"open","ping_status":"open","sticky":false,"template":"","format":"standard","meta":{"footnotes":""},"categories":[3],"tags":[42,23,166,165,24,27],"class_list":["post-3687","post","type-post","status-publish","format-standard","has-post-thumbnail","hentry","category-hirek","tag-dunantul","tag-eloadas","tag-helyismeret","tag-helytortenet","tag-konferencia","tag-pecs"],"_links":{"self":[{"href":"https:\/\/dtste.hu\/index.php?rest_route=\/wp\/v2\/posts\/3687","targetHints":{"allow":["GET"]}}],"collection":[{"href":"https:\/\/dtste.hu\/index.php?rest_route=\/wp\/v2\/posts"}],"about":[{"href":"https:\/\/dtste.hu\/index.php?rest_route=\/wp\/v2\/types\/post"}],"author":[{"embeddable":true,"href":"https:\/\/dtste.hu\/index.php?rest_route=\/wp\/v2\/users\/1"}],"replies":[{"embeddable":true,"href":"https:\/\/dtste.hu\/index.php?rest_route=%2Fwp%2Fv2%2Fcomments&post=3687"}],"version-history":[{"count":16,"href":"https:\/\/dtste.hu\/index.php?rest_route=\/wp\/v2\/posts\/3687\/revisions"}],"predecessor-version":[{"id":3718,"href":"https:\/\/dtste.hu\/index.php?rest_route=\/wp\/v2\/posts\/3687\/revisions\/3718"}],"wp:featuredmedia":[{"embeddable":true,"href":"https:\/\/dtste.hu\/index.php?rest_route=\/wp\/v2\/media\/3693"}],"wp:attachment":[{"href":"https:\/\/dtste.hu\/index.php?rest_route=%2Fwp%2Fv2%2Fmedia&parent=3687"}],"wp:term":[{"taxonomy":"category","embeddable":true,"href":"https:\/\/dtste.hu\/index.php?rest_route=%2Fwp%2Fv2%2Fcategories&post=3687"},{"taxonomy":"post_tag","embeddable":true,"href":"https:\/\/dtste.hu\/index.php?rest_route=%2Fwp%2Fv2%2Ftags&post=3687"}],"curies":[{"name":"wp","href":"https:\/\/api.w.org\/{rel}","templated":true}]}}