{"id":3678,"date":"2025-10-23T19:05:21","date_gmt":"2025-10-23T19:05:21","guid":{"rendered":"https:\/\/dtste.hu\/?p=3678"},"modified":"2025-10-25T14:25:06","modified_gmt":"2025-10-25T14:25:06","slug":"romer-johanna-baranya-varmegye-egyhaztortenelme-konferencia-eloadas-absztraktja","status":"publish","type":"post","link":"https:\/\/dtste.hu\/?p=3678","title":{"rendered":"R\u0151mer Johanna: Baranya v\u00e1rmegye egyh\u00e1zt\u00f6rt\u00e9nelme \u2013 konferencia-el\u0151ad\u00e1s absztraktja"},"content":{"rendered":"\n<p>Egyes\u00fclet\u00fcnk 2025. okt\u00f3ber 28-\u00e1n, 17.00 \u00f3r\u00e1t\u00f3l Pillanatk\u00e9pek Baranya v\u00e1rmegye helyt\u00f6rt\u00e9net\u00e9b\u0151l (VIII.) c\u00edmmel helyismereti konferenci\u00e1t rendez P\u00e9csett, a Megyeh\u00e1za \u00e9p\u00fclet\u00e9ben. A tal\u00e1lkoz\u00f3 m\u00e1sodik el\u0151ad\u00e1s\u00e1t R\u0151mer Johanna hivatali f\u0151tan\u00e1csos tartja.<img decoding=\"async\" height=\"16\" width=\"16\" src=\"https:\/\/static.xx.fbcdn.net\/images\/emoji.php\/v9\/t58\/1.5\/16\/1f3a5.png\" alt=\"\ud83c\udfa5\"><img decoding=\"async\" height=\"16\" width=\"16\" src=\"https:\/\/static.xx.fbcdn.net\/images\/emoji.php\/v9\/t84\/1.5\/16\/1f399.png\" alt=\"\ud83c\udf99\"><\/p>\n\n\n\n<p>A konferenci\u00e1n a r\u00e9szv\u00e9tel ingyenes, minden \u00e9rdekl\u0151d\u0151t nagy szeretettel v\u00e1runk!<\/p>\n\n\n\n<p><strong>\u00d6sszefoglal\u00f3:<\/strong><\/p>\n\n\n\n<p>\u201eBaranya v\u00e1rmegye egyh\u00e1zt\u00f6rt\u00e9nelme rendk\u00edv\u00fcl gazdag \u00e9s sokr\u00e9t\u0171, mivel a t\u00e9rs\u00e9g a magyar kereszt\u00e9nys\u00e9g egyik legkor\u00e1bbi \u00e9s legjelent\u0151sebb k\u00f6zpontja volt. A kereszt\u00e9nys\u00e9g m\u00e1r a honfoglal\u00e1s ut\u00e1n gyorsan meggy\u00f6kerezett itt, k\u00fcl\u00f6n\u00f6sen P\u00e9cs v\u00e1ros\u00e1ban, ahol Szent Istv\u00e1n kir\u00e1ly 1009-ben alap\u00edtotta meg a p\u00e9csi p\u00fcsp\u00f6ks\u00e9get. Ez a p\u00fcsp\u00f6ks\u00e9g \u00e9vsz\u00e1zadokon \u00e1t meghat\u00e1rozta a t\u00e9rs\u00e9g vall\u00e1si, kultur\u00e1lis \u00e9s oktat\u00e1si \u00e9let\u00e9t. A k\u00f6z\u00e9pkorban P\u00e9cs fontos szellemi k\u00f6zpontt\u00e1 v\u00e1lt: 1367-ben itt alap\u00edtott\u00e1k meg az els\u0151 magyar egyetemet, amelyet I. Lajos kir\u00e1ly enged\u00e9ly\u00e9vel hoztak l\u00e9tre.<\/p>\n\n\n\n<p>A t\u00f6r\u00f6k h\u00f3dolts\u00e1g idej\u00e9n (1543\u20131686) az egyh\u00e1zi \u00e9let s\u00falyos vesztes\u00e9geket szenvedett: templomokat romboltak le vagy dzs\u00e1miv\u00e1 alak\u00edtottak \u00e1t, a kereszt\u00e9ny paps\u00e1g nagy r\u00e9sze elmenek\u00fclt. A felszabad\u00edt\u00f3 h\u00e1bor\u00fak ut\u00e1n a katolikus egyh\u00e1z \u00fajraszervezte m\u0171k\u00f6d\u00e9s\u00e9t, megkezd\u0151d\u00f6tt a templomok \u00fajj\u00e1\u00e9p\u00edt\u00e9se \u00e9s a szerzetesrendek visszatelep\u00edt\u00e9se. A 18\u201319. sz\u00e1zadban a p\u00e9csi p\u00fcsp\u00f6ks\u00e9g kultur\u00e1lis \u00e9s oktat\u00e1si tev\u00e9kenys\u00e9ge ism\u00e9t vir\u00e1gzott, a v\u00e1ros \u00e9s a megye a katolikus vall\u00e1si \u00e9let egyik k\u00f6zpontja maradt.<\/p>\n\n\n\n<p>A 20. sz\u00e1zadban a h\u00e1bor\u00fak, a politikai v\u00e1ltoz\u00e1sok \u00e9s az \u00e1llamos\u00edt\u00e1sok az egyh\u00e1z szerep\u00e9t korl\u00e1tozt\u00e1k, de a rendszerv\u00e1lt\u00e1s ut\u00e1n \u00fajra meger\u0151s\u00f6d\u00f6tt. Ma Baranya vall\u00e1si \u00e9lete soksz\u00edn\u0171: a katolikus t\u00f6bbs\u00e9g mellett protest\u00e1ns, ortodox \u00e9s zsid\u00f3 k\u00f6z\u00f6ss\u00e9gek is akt\u00edvan jelen vannak, folytatva a megye t\u00f6bb \u00e9vsz\u00e1zados vall\u00e1si hagyom\u00e1nyait.\u201d<\/p>\n\n\n\n<p>A szervez\u0151k a programv\u00e1ltoztat\u00e1s jog\u00e1t fenntartj\u00e1k. A rendezv\u00e9nyen k\u00e9p- \u00e9s hangfelv\u00e9tel k\u00e9sz\u00fcl. A l\u00e1togat\u00f3kat a terem befogad\u00f3k\u00e9pess\u00e9g\u00e9nek hat\u00e1r\u00e1ig tudjuk fogadni, \u00e9rkez\u00e9si sorrendben<\/p>\n\n\n\n<p>A mell\u00e9kelt k\u00e9pen a p\u00e9csi sz\u00e9kesegyh\u00e1z l\u00e1that\u00f3, 1914 k\u00f6r\u00fcli k\u00e9peslapon. A k\u00e9p forr\u00e1sa: Magyar Nemzeti Digit\u00e1lis Arch\u00edvum \/ Csorba Gy\u0151z\u0151 K\u00f6nyvt\u00e1r Helyismereti Gy\u0171jtem\u00e9ny<\/p>\n\n\n\n<p class=\"has-text-align-center\"><strong>Az el\u0151ad\u00e1s helysz\u00edne: Megyeh\u00e1za (7621 P\u00e9cs, Sz\u00e9chenyi t\u00e9r 9.<\/strong>)<\/p>\n\n\n\n<p class=\"has-text-align-center\"><strong>Id\u0151pont: 2025. okt\u00f3ber 28. (kedd), 17.50<\/strong><\/p>\n\n\n<div class=\"wp-block-image\">\n<figure class=\"aligncenter size-large is-resized\"><img fetchpriority=\"high\" decoding=\"async\" width=\"1024\" height=\"205\" src=\"https:\/\/dtste.hu\/wp-content\/uploads\/2024\/01\/NEA_ME_BGA-1024x205.png\" alt=\"\" class=\"wp-image-2553\" style=\"width:612px;height:auto\" srcset=\"https:\/\/dtste.hu\/wp-content\/uploads\/2024\/01\/NEA_ME_BGA-1024x205.png 1024w, https:\/\/dtste.hu\/wp-content\/uploads\/2024\/01\/NEA_ME_BGA-300x60.png 300w, https:\/\/dtste.hu\/wp-content\/uploads\/2024\/01\/NEA_ME_BGA-768x154.png 768w, https:\/\/dtste.hu\/wp-content\/uploads\/2024\/01\/NEA_ME_BGA-1536x307.png 1536w, https:\/\/dtste.hu\/wp-content\/uploads\/2024\/01\/NEA_ME_BGA-2048x410.png 2048w, https:\/\/dtste.hu\/wp-content\/uploads\/2024\/01\/NEA_ME_BGA-150x30.png 150w, https:\/\/dtste.hu\/wp-content\/uploads\/2024\/01\/NEA_ME_BGA-700x140.png 700w\" sizes=\"(max-width:767px) 700px, (max-width:1024px) 100vw, 1024px\" \/><\/figure><\/div>\n\n\n<p><\/p>\n","protected":false},"excerpt":{"rendered":"<p>Egyes\u00fclet\u00fcnk 2025. okt\u00f3ber 28-\u00e1n, 17.00 \u00f3r\u00e1t\u00f3l Pillanatk\u00e9pek Baranya v\u00e1rmegye helyt\u00f6rt\u00e9net\u00e9b\u0151l (VIII.) c\u00edmmel helyismereti konferenci\u00e1t rendez P\u00e9csett, a Megyeh\u00e1za \u00e9p\u00fclet\u00e9ben. A tal\u00e1lkoz\u00f3 m\u00e1sodik el\u0151ad\u00e1s\u00e1t R\u0151mer Johanna hivatali<span class=\"excerpt-hellip\"> [\u2026]<\/span><\/p>\n","protected":false},"author":1,"featured_media":3681,"comment_status":"open","ping_status":"open","sticky":false,"template":"","format":"standard","meta":{"footnotes":""},"categories":[3],"tags":[42,23,166,165,24,27],"class_list":["post-3678","post","type-post","status-publish","format-standard","has-post-thumbnail","hentry","category-hirek","tag-dunantul","tag-eloadas","tag-helyismeret","tag-helytortenet","tag-konferencia","tag-pecs"],"_links":{"self":[{"href":"https:\/\/dtste.hu\/index.php?rest_route=\/wp\/v2\/posts\/3678","targetHints":{"allow":["GET"]}}],"collection":[{"href":"https:\/\/dtste.hu\/index.php?rest_route=\/wp\/v2\/posts"}],"about":[{"href":"https:\/\/dtste.hu\/index.php?rest_route=\/wp\/v2\/types\/post"}],"author":[{"embeddable":true,"href":"https:\/\/dtste.hu\/index.php?rest_route=\/wp\/v2\/users\/1"}],"replies":[{"embeddable":true,"href":"https:\/\/dtste.hu\/index.php?rest_route=%2Fwp%2Fv2%2Fcomments&post=3678"}],"version-history":[{"count":5,"href":"https:\/\/dtste.hu\/index.php?rest_route=\/wp\/v2\/posts\/3678\/revisions"}],"predecessor-version":[{"id":3686,"href":"https:\/\/dtste.hu\/index.php?rest_route=\/wp\/v2\/posts\/3678\/revisions\/3686"}],"wp:featuredmedia":[{"embeddable":true,"href":"https:\/\/dtste.hu\/index.php?rest_route=\/wp\/v2\/media\/3681"}],"wp:attachment":[{"href":"https:\/\/dtste.hu\/index.php?rest_route=%2Fwp%2Fv2%2Fmedia&parent=3678"}],"wp:term":[{"taxonomy":"category","embeddable":true,"href":"https:\/\/dtste.hu\/index.php?rest_route=%2Fwp%2Fv2%2Fcategories&post=3678"},{"taxonomy":"post_tag","embeddable":true,"href":"https:\/\/dtste.hu\/index.php?rest_route=%2Fwp%2Fv2%2Ftags&post=3678"}],"curies":[{"name":"wp","href":"https:\/\/api.w.org\/{rel}","templated":true}]}}