{"id":3292,"date":"2025-02-03T09:22:34","date_gmt":"2025-02-03T09:22:34","guid":{"rendered":"https:\/\/dtste.hu\/?p=3292"},"modified":"2025-02-03T10:39:56","modified_gmt":"2025-02-03T10:39:56","slug":"orokseg-es-identitas-harom-baranyai-festo-eletmuveben-modszertani-felvetesek-egy-kutatasi-program-kezdeten-konferencia-eloadas-video","status":"publish","type":"post","link":"https:\/\/dtste.hu\/?p=3292","title":{"rendered":"Erd\u0151s Zolt\u00e1n: \u00d6r\u00f6ks\u00e9g \u00e9s identit\u00e1s h\u00e1rom baranyai fest\u0151 \u00e9letm\u0171v\u00e9ben \u2013 konferencia-el\u0151ad\u00e1s (vide\u00f3)"},"content":{"rendered":"\n<figure class=\"wp-block-embed is-type-video is-provider-youtube wp-block-embed-youtube wp-embed-aspect-16-9 wp-has-aspect-ratio\"><div class=\"wp-block-embed__wrapper\">\n<iframe title=\"Erd\u0151s Zolt\u00e1n: \u00d6r\u00f6ks\u00e9g \u00e9s identit\u00e1s h\u00e1rom baranyai fest\u0151 \u00e9letm\u0171v\u00e9ben\" width=\"1220\" height=\"686\" src=\"https:\/\/www.youtube.com\/embed\/WOO0i5X5UEQ?feature=oembed\" frameborder=\"0\" allow=\"accelerometer; autoplay; clipboard-write; encrypted-media; gyroscope; picture-in-picture; web-share\" referrerpolicy=\"strict-origin-when-cross-origin\" allowfullscreen><\/iframe>\n<\/div><\/figure>\n\n\n\n<p><\/p>\n\n\n\n<p>Egyes\u00fclet\u00fcnk 2024. december 4-\u00e9n, Pillanatk\u00e9pek Baranya v\u00e1rmegye helyt\u00f6rt\u00e9net\u00e9b\u0151l (VI.) c\u00edmmel helyismereti konferenci\u00e1t rendezett P\u00e9csett, a Megyeh\u00e1za Sz\u00e9chenyi t\u00e9ri \u00e9p\u00fclet\u00e9ben. A tal\u00e1lkoz\u00f3 harmadik el\u0151ad\u00e1s\u00e1t Erd\u0151s Zolt\u00e1n t\u00f6rt\u00e9n\u00e9sz tartotta.<img decoding=\"async\" height=\"16\" width=\"16\" src=\"https:\/\/static.xx.fbcdn.net\/images\/emoji.php\/v9\/tff\/1\/16\/1f3a5.png\" alt=\"\ud83c\udfa5\"><img decoding=\"async\" height=\"16\" width=\"16\" src=\"https:\/\/static.xx.fbcdn.net\/images\/emoji.php\/v9\/t2b\/1\/16\/1f399.png\" alt=\"\ud83c\udf99\"><img decoding=\"async\" height=\"16\" width=\"16\" src=\"https:\/\/static.xx.fbcdn.net\/images\/emoji.php\/v9\/t4f\/1\/16\/1f447.png\" alt=\"\ud83d\udc47\"><\/p>\n\n\n\n<p><strong>\u00d6sszefoglal\u00f3:<\/strong><\/p>\n\n\n\n<p>Mag\u00e1t\u00f3l \u00e9rtet\u0151dik, hogy a t\u00f6rt\u00e9n\u00e9szek nem kiz\u00e1r\u00f3lag sz\u00f6veges forr\u00e1sokra t\u00e1maszkodhatnak, hanem sok esetben k\u00fcl\u00f6nb\u00f6z\u0151 k\u00e9pek, dokumentumok is a rendelkez\u00e9s\u00fckre \u00e1llnak a kutat\u00f3munka sor\u00e1n. Egy egykor\u00fa helysz\u00ednrajz seg\u00edts\u00e9g\u00fcnkre lehet a csatahely lokaliz\u00e1ci\u00f3j\u00e1ban, egy t\u00e9rk\u00e9p alapj\u00e1n rekonstru\u00e1lhat\u00f3 az adott t\u00e9rs\u00e9g telep\u00fcl\u00e9sh\u00e1l\u00f3zata, egy fot\u00f3 pedig megannyi politikai esem\u00e9ny lefoly\u00e1s\u00e1ra, r\u00e9sztvev\u0151ire vonatkoz\u00f3lag ny\u00fajt p\u00f3tolhatatlan adatokat. <\/p>\n\n\n\n<p>De hogyan v\u00e1lhat t\u00f6rt\u00e9neti forr\u00e1ss\u00e1 egy t\u00e1jk\u00e9p, egy portr\u00e9 vagy egy csend\u00e9let? Ezek az alkot\u00e1sok a t\u00f6rt\u00e9neti identit\u00e1s \u00e9s az eml\u00e9kezett\u00f6rt\u00e9net p\u00e1ratlan forr\u00e1sait jelentik. Az el\u0151ad\u00e1s sor\u00e1n arra teszek k\u00eds\u00e9rletet, hogy h\u00e1rom d\u00e9l-baranyai fest\u0151m\u0171v\u00e9sz, Simon B\u00e9la, Haraszti P\u00e1l \u00e9s Vir\u00e1nyi Endre n\u00e9h\u00e1ny alkot\u00e1sa seg\u00edts\u00e9g\u00e9vel h\u00edvjam fel a figyelmet erre a mindeddig m\u00e9ltatlanul mell\u0151z\u00f6tt forr\u00e1st\u00edpusra. Egy \u00faj kutat\u00e1si program el\u0151hangjak\u00e9nt m\u00f3dszertani felvet\u00e9seket fogalmazok meg Simon, Haraszti \u00e9s Vir\u00e1nyi festm\u00e9nyeinek \u00e9rtelmez\u00e9s\u00e9hez, t\u00e1gabb t\u00f6rt\u00e9neti kontextusba \u00e1gyazva. Ezek alapj\u00e1n amellett \u00e9rvelek, hogy a helyi alkot\u00f3k, kismesterek \u00e9letm\u0171v\u00e9nek, az egyes alkot\u00e1sok k\u00f6zeg\u00e9nek m\u00f3dszeres felt\u00e1r\u00e1sa n\u00e9lk\u00fcl\u00f6zhetetlen ahhoz, hogy meg\u00e9rts\u00fck a lok\u00e1lis identit\u00e1s mint\u00e1zatait, szervez\u0151d\u00e9s\u00e9t \u00e9s m\u0171k\u00f6d\u00e9s\u00e9t.<\/p>\n","protected":false},"excerpt":{"rendered":"<p>Egyes\u00fclet\u00fcnk 2024. december 4-\u00e9n, Pillanatk\u00e9pek Baranya v\u00e1rmegye helyt\u00f6rt\u00e9net\u00e9b\u0151l (VI.) c\u00edmmel helyismereti konferenci\u00e1t rendezett P\u00e9csett, a Megyeh\u00e1za Sz\u00e9chenyi t\u00e9ri \u00e9p\u00fclet\u00e9ben. A tal\u00e1lkoz\u00f3 harmadik el\u0151ad\u00e1s\u00e1t Erd\u0151s Zolt\u00e1n t\u00f6rt\u00e9n\u00e9sz<span class=\"excerpt-hellip\"> [\u2026]<\/span><\/p>\n","protected":false},"author":1,"featured_media":3301,"comment_status":"open","ping_status":"open","sticky":false,"template":"","format":"standard","meta":{"footnotes":""},"categories":[3],"tags":[81,42,23,166,165,24,27],"class_list":["post-3292","post","type-post","status-publish","format-standard","has-post-thumbnail","hentry","category-hirek","tag-baranya","tag-dunantul","tag-eloadas","tag-helyismeret","tag-helytortenet","tag-konferencia","tag-pecs"],"_links":{"self":[{"href":"https:\/\/dtste.hu\/index.php?rest_route=\/wp\/v2\/posts\/3292","targetHints":{"allow":["GET"]}}],"collection":[{"href":"https:\/\/dtste.hu\/index.php?rest_route=\/wp\/v2\/posts"}],"about":[{"href":"https:\/\/dtste.hu\/index.php?rest_route=\/wp\/v2\/types\/post"}],"author":[{"embeddable":true,"href":"https:\/\/dtste.hu\/index.php?rest_route=\/wp\/v2\/users\/1"}],"replies":[{"embeddable":true,"href":"https:\/\/dtste.hu\/index.php?rest_route=%2Fwp%2Fv2%2Fcomments&post=3292"}],"version-history":[{"count":5,"href":"https:\/\/dtste.hu\/index.php?rest_route=\/wp\/v2\/posts\/3292\/revisions"}],"predecessor-version":[{"id":3309,"href":"https:\/\/dtste.hu\/index.php?rest_route=\/wp\/v2\/posts\/3292\/revisions\/3309"}],"wp:featuredmedia":[{"embeddable":true,"href":"https:\/\/dtste.hu\/index.php?rest_route=\/wp\/v2\/media\/3301"}],"wp:attachment":[{"href":"https:\/\/dtste.hu\/index.php?rest_route=%2Fwp%2Fv2%2Fmedia&parent=3292"}],"wp:term":[{"taxonomy":"category","embeddable":true,"href":"https:\/\/dtste.hu\/index.php?rest_route=%2Fwp%2Fv2%2Fcategories&post=3292"},{"taxonomy":"post_tag","embeddable":true,"href":"https:\/\/dtste.hu\/index.php?rest_route=%2Fwp%2Fv2%2Ftags&post=3292"}],"curies":[{"name":"wp","href":"https:\/\/api.w.org\/{rel}","templated":true}]}}