{"id":3287,"date":"2025-01-31T00:40:37","date_gmt":"2025-01-31T00:40:37","guid":{"rendered":"https:\/\/dtste.hu\/?p=3287"},"modified":"2025-02-02T21:44:11","modified_gmt":"2025-02-02T21:44:11","slug":"pinter-laszlo-holtak-akik-alkotasaikkal-elni-segitenek-konferencia-eloadas-video","status":"publish","type":"post","link":"https:\/\/dtste.hu\/?p=3287","title":{"rendered":"Pint\u00e9r L\u00e1szl\u00f3: Holtak, akik alkot\u00e1saikkal \u00e9lni seg\u00edtenek \u2013 konferencia-el\u0151ad\u00e1s (vide\u00f3)"},"content":{"rendered":"\n<figure class=\"wp-block-embed is-type-video is-provider-youtube wp-block-embed-youtube wp-embed-aspect-16-9 wp-has-aspect-ratio\"><div class=\"wp-block-embed__wrapper\">\n<iframe title=\"Pint\u00e9r L\u00e1szl\u00f3: Holtak, akik alkot\u00e1saikkal \u00e9lni seg\u00edtenek\" width=\"1220\" height=\"686\" src=\"https:\/\/www.youtube.com\/embed\/UEzTIvRqpDM?feature=oembed\" frameborder=\"0\" allow=\"accelerometer; autoplay; clipboard-write; encrypted-media; gyroscope; picture-in-picture; web-share\" referrerpolicy=\"strict-origin-when-cross-origin\" allowfullscreen><\/iframe>\n<\/div><\/figure>\n\n\n\n<p><\/p>\n\n\n\n<p>Egyes\u00fclet\u00fcnk 2024. december 4-\u00e9n, Pillanatk\u00e9pek Baranya v\u00e1rmegye helyt\u00f6rt\u00e9net\u00e9b\u0151l (VI.) c\u00edmmel helyismereti konferenci\u00e1t rendezett P\u00e9csett, a Megyeh\u00e1za Sz\u00e9chenyi t\u00e9ri \u00e9p\u00fclet\u00e9ben. A tal\u00e1lkoz\u00f3 m\u00e1sodik el\u0151ad\u00e1s\u00e1t Pint\u00e9r L\u00e1szl\u00f3 k\u00f6nyvt\u00e1ros, nyugalmazott k\u00f6nyvt\u00e1rigazgat\u00f3 tartotta.<img decoding=\"async\" height=\"16\" width=\"16\" src=\"https:\/\/static.xx.fbcdn.net\/images\/emoji.php\/v9\/tff\/1\/16\/1f3a5.png\" alt=\"\ud83c\udfa5\"><img decoding=\"async\" height=\"16\" width=\"16\" src=\"https:\/\/static.xx.fbcdn.net\/images\/emoji.php\/v9\/t2b\/1\/16\/1f399.png\" alt=\"\ud83c\udf99\"><img decoding=\"async\" height=\"16\" width=\"16\" src=\"https:\/\/static.xx.fbcdn.net\/images\/emoji.php\/v9\/t4f\/1\/16\/1f447.png\" alt=\"\ud83d\udc47\"><\/p>\n\n\n\n<p><strong>\u00d6sszefoglal\u00f3:<\/strong><\/p>\n\n\n\n<p><em>\u201eSzeretem \u00e9s keresem \u0151ket, \/ Az igazs\u00e1gos temet\u0151ket. \/\/<\/em><\/p>\n\n\n\n<p><em>A s\u00edrokon \u00fagy elm\u00e9l\u00e1zom, \/ Mint ny\u00e1jai f\u00f6l\u00f6tt a p\u00e1sztor. \/\/<\/em><\/p>\n\n\n\n<p><em>\u00c9s furuly\u00e1m szel\u00edden v\u00e1rja, \/ M\u00edg sz\u00f3l az angyal trombit\u00e1ja.\u201d<\/em><\/p>\n\n\n\n<p>(Juh\u00e1sz Gyula: Temet\u0151k)<\/p>\n\n\n\n<p>Egy k\u00f6z\u00f6ss\u00e9g, v\u00e1ros, orsz\u00e1g, n\u00e9p addig \u00e9l, ameddig a m\u00faltj\u00e1t ismeri, felt\u00e1rja, becs\u00fcli, mert ez az ismeret a fennmarad\u00e1s kov\u00e1sza. A k\u00f6z\u00f6ss\u00e9g temet\u0151i j\u00f3l mutatj\u00e1k, mennyire becs\u00fclik m\u00faltjukat, \u0151seiket az ut\u00f3dok. Az elhanyagolt temet\u0151k a k\u00f6z\u00f6s eml\u00e9kezet felboml\u00e1s\u00e1nak jelz\u00e9sei, hanyatl\u00e1suk a szomor\u00fa j\u00f6v\u0151 k\u00e9p\u00e9t vet\u00edtik el\u00e9nk. A \u201en\u00e9vtelen\u201d, \u201eismeretlen\u201d emberek s\u00edrjai, de a k\u00f6z\u00f6ss\u00e9g h\u00edres embereinek nyughelyei is sokat elmondanak az eml\u00e9kez\u0151k mentalit\u00e1s\u00e1r\u00f3l.<\/p>\n\n\n\n<p>P\u00e9cs, a h\u00e1l\u00e1s v\u00e1ros, kiemelked\u0151 polg\u00e1rainak \u00f6r\u00f6k nyugv\u00f3hely\u00e9\u00fcl k\u00fcl\u00f6n parcell\u00e1t alak\u00edtott ki a telep\u00fcl\u00e9s k\u00f6ztemet\u0151j\u00e9ben. Az itt nyugv\u00f3k s\u00edrjai sok h\u00edres-neves p\u00e9csit \u0151riznek, k\u00f6zt\u00fck \u00edr\u00f3kat, k\u00f6lt\u0151ket. Az \u00f6r\u00f6k p\u00e9csi, az igazi t\u00fcke, Csorba Gy\u0151z\u0151 Kossuth- \u00e9s k\u00e9tszeres J\u00f3zsef Attila-d\u00edjas k\u00f6lt\u0151 is itt alussza \u00f6r\u00f6k \u00e1lm\u00e1t.&nbsp;<\/p>\n\n\n\n<p>Az el\u0151ad\u00e1s Csorba p\u00e9csi \u00e9s P\u00e9csr\u0151l indult, de Budapesten eltemetett bar\u00e1tainak s\u00edrjai k\u00f6z\u00fcl is bemutat n\u00e9h\u00e1nyat, fellebbentve a f\u00e1tylat a kiv\u00e1l\u00f3 emberekr\u0151l \u2013 mert nem csak az itt marad\u00f3k, itt nyugv\u00f3k, de az innen elsz\u00e1rmazottak, hosszabb-r\u00f6videbb ideig itt alkot\u00f3 emberek is a v\u00e1ros felemelked\u00e9s\u00e9t seg\u00edtett\u00e9k munk\u00e1jukkal.<\/p>\n","protected":false},"excerpt":{"rendered":"<p>Egyes\u00fclet\u00fcnk 2024. december 4-\u00e9n, Pillanatk\u00e9pek Baranya v\u00e1rmegye helyt\u00f6rt\u00e9net\u00e9b\u0151l (VI.) c\u00edmmel helyismereti konferenci\u00e1t rendezett P\u00e9csett, a Megyeh\u00e1za Sz\u00e9chenyi t\u00e9ri \u00e9p\u00fclet\u00e9ben. A tal\u00e1lkoz\u00f3 m\u00e1sodik el\u0151ad\u00e1s\u00e1t Pint\u00e9r L\u00e1szl\u00f3 k\u00f6nyvt\u00e1ros,<span class=\"excerpt-hellip\"> [\u2026]<\/span><\/p>\n","protected":false},"author":1,"featured_media":3300,"comment_status":"open","ping_status":"open","sticky":false,"template":"","format":"standard","meta":{"footnotes":""},"categories":[3],"tags":[81,42,23,166,165,24,27],"class_list":["post-3287","post","type-post","status-publish","format-standard","has-post-thumbnail","hentry","category-hirek","tag-baranya","tag-dunantul","tag-eloadas","tag-helyismeret","tag-helytortenet","tag-konferencia","tag-pecs"],"_links":{"self":[{"href":"https:\/\/dtste.hu\/index.php?rest_route=\/wp\/v2\/posts\/3287","targetHints":{"allow":["GET"]}}],"collection":[{"href":"https:\/\/dtste.hu\/index.php?rest_route=\/wp\/v2\/posts"}],"about":[{"href":"https:\/\/dtste.hu\/index.php?rest_route=\/wp\/v2\/types\/post"}],"author":[{"embeddable":true,"href":"https:\/\/dtste.hu\/index.php?rest_route=\/wp\/v2\/users\/1"}],"replies":[{"embeddable":true,"href":"https:\/\/dtste.hu\/index.php?rest_route=%2Fwp%2Fv2%2Fcomments&post=3287"}],"version-history":[{"count":2,"href":"https:\/\/dtste.hu\/index.php?rest_route=\/wp\/v2\/posts\/3287\/revisions"}],"predecessor-version":[{"id":3290,"href":"https:\/\/dtste.hu\/index.php?rest_route=\/wp\/v2\/posts\/3287\/revisions\/3290"}],"wp:featuredmedia":[{"embeddable":true,"href":"https:\/\/dtste.hu\/index.php?rest_route=\/wp\/v2\/media\/3300"}],"wp:attachment":[{"href":"https:\/\/dtste.hu\/index.php?rest_route=%2Fwp%2Fv2%2Fmedia&parent=3287"}],"wp:term":[{"taxonomy":"category","embeddable":true,"href":"https:\/\/dtste.hu\/index.php?rest_route=%2Fwp%2Fv2%2Fcategories&post=3287"},{"taxonomy":"post_tag","embeddable":true,"href":"https:\/\/dtste.hu\/index.php?rest_route=%2Fwp%2Fv2%2Ftags&post=3287"}],"curies":[{"name":"wp","href":"https:\/\/api.w.org\/{rel}","templated":true}]}}