{"id":3279,"date":"2025-01-28T13:00:14","date_gmt":"2025-01-28T13:00:14","guid":{"rendered":"https:\/\/dtste.hu\/?p=3279"},"modified":"2025-02-02T21:26:22","modified_gmt":"2025-02-02T21:26:22","slug":"kiss-zoltan-horvath-kazmer-mohacsa-konferencia-eloadas-video-3","status":"publish","type":"post","link":"https:\/\/dtste.hu\/?p=3279","title":{"rendered":"Kiss Zolt\u00e1n: A szovjetvil\u00e1g kezdetei Magyarorsz\u00e1gon. Nagy Ferenc minisztereln\u00f6k \u00e9s csal\u00e1dja a v\u00f6r\u00f6s viharban \u2013 konferencia-el\u0151ad\u00e1s (vide\u00f3)"},"content":{"rendered":"\n<figure class=\"wp-block-embed is-type-video is-provider-youtube wp-block-embed-youtube wp-embed-aspect-16-9 wp-has-aspect-ratio\"><div class=\"wp-block-embed__wrapper\">\n<iframe title=\"Kiss Zolt\u00e1n: A szovjetvil\u00e1g kezdetei Magyarorsz\u00e1gon\" width=\"1220\" height=\"686\" src=\"https:\/\/www.youtube.com\/embed\/PgXOUIA91Gw?feature=oembed\" frameborder=\"0\" allow=\"accelerometer; autoplay; clipboard-write; encrypted-media; gyroscope; picture-in-picture; web-share\" referrerpolicy=\"strict-origin-when-cross-origin\" allowfullscreen><\/iframe>\n<\/div><\/figure>\n\n\n\n<p><\/p>\n\n\n\n<p>Egyes\u00fclet\u00fcnk 2024. december 4-\u00e9n, Pillanatk\u00e9pek Baranya v\u00e1rmegye helyt\u00f6rt\u00e9net\u00e9b\u0151l (VI.) c\u00edmmel helyismereti konferenci\u00e1t rendezett P\u00e9csett, a Megyeh\u00e1za Sz\u00e9chenyi t\u00e9ri \u00e9p\u00fclet\u00e9ben. A tal\u00e1lkoz\u00f3 els\u0151 el\u0151ad\u00e1s\u00e1t Kiss Zolt\u00e1n k\u00f6nyvt\u00e1ros tartotta.<img decoding=\"async\" height=\"16\" width=\"16\" src=\"https:\/\/static.xx.fbcdn.net\/images\/emoji.php\/v9\/tff\/1\/16\/1f3a5.png\" alt=\"\ud83c\udfa5\"><img decoding=\"async\" height=\"16\" width=\"16\" src=\"https:\/\/static.xx.fbcdn.net\/images\/emoji.php\/v9\/t2b\/1\/16\/1f399.png\" alt=\"\ud83c\udf99\"><img decoding=\"async\" height=\"16\" width=\"16\" src=\"https:\/\/static.xx.fbcdn.net\/images\/emoji.php\/v9\/t4f\/1\/16\/1f447.png\" alt=\"\ud83d\udc47\"><\/p>\n\n\n\n<p><strong>\u00d6sszefoglal\u00f3:<\/strong><\/p>\n\n\n\n<p>1944 v\u00e9g\u00e9t\u0151l kezd\u0151d\u0151en \u00e9p\u00fclt ki a szovjetvil\u00e1g Magyarorsz\u00e1gon. 1948-ban, a fordulat \u00e9v\u00e9ben szil\u00e1rdult meg a kommunista diktat\u00fara, amikor m\u00e1r semmif\u00e9le t\u00e1rsadalmi ellens\u00falyr\u00f3l nem besz\u00e9lhet\u00fcnk. E folyamat egyik legfontosabb pillanata a Sv\u00e1jcban szabads\u00e1g\u00e1t t\u00f6lt\u0151 Nagy Ferenc kisgazda minisztereln\u00f6k lemond\u00e1s\u00e1nak kik\u00e9nyszer\u00edt\u00e9se volt 1947-ben. A ZISZ-motorh\u00e1z tetej\u00e9n al\u00e1\u00edrt nyilatkozat\u00e1nak fot\u00f3ja bej\u00e1rta a vil\u00e1gsajt\u00f3t.<\/p>\n\n\n\n<p>El\u0151ad\u00e1sunkban Nagy Ferenc csal\u00e1dj\u00e1nak sors\u00e1t k\u00f6vetj\u00fck nyomon. \u00cdgy sz\u00f3 lesz \u00e9desanyja meggyilkol\u00e1s\u00e1r\u00f3l, \u00f6t\u00e9ves kisfia elrabl\u00e1s\u00e1r\u00f3l, \u00e9desapja kul\u00e1k-sorsra jut\u00e1s\u00e1r\u00f3l, nagyobbik fia elt\u00e9r\u00edtett \u00e9letp\u00e1ly\u00e1j\u00e1r\u00f3l, l\u00e1nya szerelm\u00e9nek elveszt\u00e9s\u00e9r\u0151l &nbsp;\u00e9s v\u00e9g\u00fcl a csal\u00e1d emigr\u00e1ci\u00f3ba ker\u00fcl\u00e9s\u00e9r\u0151l. Minden vesztes\u00e9gr\u0151l, amit a v\u00f6r\u00f6s vihar okozni tudott\u2026<\/p>\n","protected":false},"excerpt":{"rendered":"<p>Egyes\u00fclet\u00fcnk 2024. december 4-\u00e9n, Pillanatk\u00e9pek Baranya v\u00e1rmegye helyt\u00f6rt\u00e9net\u00e9b\u0151l (VI.) c\u00edmmel helyismereti konferenci\u00e1t rendezett P\u00e9csett, a Megyeh\u00e1za Sz\u00e9chenyi t\u00e9ri \u00e9p\u00fclet\u00e9ben. A tal\u00e1lkoz\u00f3 els\u0151 el\u0151ad\u00e1s\u00e1t Kiss Zolt\u00e1n k\u00f6nyvt\u00e1ros<span class=\"excerpt-hellip\"> [\u2026]<\/span><\/p>\n","protected":false},"author":1,"featured_media":3299,"comment_status":"open","ping_status":"open","sticky":false,"template":"","format":"standard","meta":{"footnotes":""},"categories":[3],"tags":[81,42,23,166,165,24,27],"class_list":["post-3279","post","type-post","status-publish","format-standard","has-post-thumbnail","hentry","category-hirek","tag-baranya","tag-dunantul","tag-eloadas","tag-helyismeret","tag-helytortenet","tag-konferencia","tag-pecs"],"_links":{"self":[{"href":"https:\/\/dtste.hu\/index.php?rest_route=\/wp\/v2\/posts\/3279","targetHints":{"allow":["GET"]}}],"collection":[{"href":"https:\/\/dtste.hu\/index.php?rest_route=\/wp\/v2\/posts"}],"about":[{"href":"https:\/\/dtste.hu\/index.php?rest_route=\/wp\/v2\/types\/post"}],"author":[{"embeddable":true,"href":"https:\/\/dtste.hu\/index.php?rest_route=\/wp\/v2\/users\/1"}],"replies":[{"embeddable":true,"href":"https:\/\/dtste.hu\/index.php?rest_route=%2Fwp%2Fv2%2Fcomments&post=3279"}],"version-history":[{"count":4,"href":"https:\/\/dtste.hu\/index.php?rest_route=\/wp\/v2\/posts\/3279\/revisions"}],"predecessor-version":[{"id":3285,"href":"https:\/\/dtste.hu\/index.php?rest_route=\/wp\/v2\/posts\/3279\/revisions\/3285"}],"wp:featuredmedia":[{"embeddable":true,"href":"https:\/\/dtste.hu\/index.php?rest_route=\/wp\/v2\/media\/3299"}],"wp:attachment":[{"href":"https:\/\/dtste.hu\/index.php?rest_route=%2Fwp%2Fv2%2Fmedia&parent=3279"}],"wp:term":[{"taxonomy":"category","embeddable":true,"href":"https:\/\/dtste.hu\/index.php?rest_route=%2Fwp%2Fv2%2Fcategories&post=3279"},{"taxonomy":"post_tag","embeddable":true,"href":"https:\/\/dtste.hu\/index.php?rest_route=%2Fwp%2Fv2%2Ftags&post=3279"}],"curies":[{"name":"wp","href":"https:\/\/api.w.org\/{rel}","templated":true}]}}