{"id":3259,"date":"2025-01-22T08:17:23","date_gmt":"2025-01-22T08:17:23","guid":{"rendered":"https:\/\/dtste.hu\/?p=3259"},"modified":"2025-02-02T21:24:59","modified_gmt":"2025-02-02T21:24:59","slug":"pillanatkepek-baranya-megye-helytortenetebol-vi-helyismereti-konferencia-video","status":"publish","type":"post","link":"https:\/\/dtste.hu\/?p=3259","title":{"rendered":"Pillanatk\u00e9pek Baranya v\u00e1rmegye helyt\u00f6rt\u00e9net\u00e9b\u0151l (VI.) \u2013 helyismereti konferencia (vide\u00f3)"},"content":{"rendered":"\n<figure class=\"wp-block-embed is-type-video is-provider-youtube wp-block-embed-youtube wp-embed-aspect-16-9 wp-has-aspect-ratio\"><div class=\"wp-block-embed__wrapper\">\n<iframe title=\"Pillanatk\u00e9pek Baranya v\u00e1rmegye helyt\u00f6rt\u00e9net\u00e9b\u0151l (VI.) \u2013 helyismereti konferencia\" width=\"1220\" height=\"686\" src=\"https:\/\/www.youtube.com\/embed\/TwJW0-RlhL0?feature=oembed\" frameborder=\"0\" allow=\"accelerometer; autoplay; clipboard-write; encrypted-media; gyroscope; picture-in-picture; web-share\" referrerpolicy=\"strict-origin-when-cross-origin\" allowfullscreen><\/iframe>\n<\/div><\/figure>\n\n\n\n<p><\/p>\n\n\n\n<p>A D\u00e9l-dun\u00e1nt\u00fali T\u00f6rt\u00e9nelmi \u00e9s Sajt\u00f3t\u00f6rt\u00e9neti Egyes\u00fclet Pillanatk\u00e9pek Baranya v\u00e1rmegye helyt\u00f6rt\u00e9net\u00e9b\u0151l (VI.) c\u00edm\u0171 helyismereti konferenci\u00e1j\u00e1ra 2024. december 4-\u00e9n ker\u00fclt sor P\u00e9csett, a Megyeh\u00e1za Sz\u00e9chenyi t\u00e9ri \u00e9p\u00fclet\u00e9ben. A konferencia teljes eg\u00e9sz\u00e9ben megtekinthet\u0151 egyes\u00fclet\u00fcnk Youtube-csatorn\u00e1j\u00e1n.<\/p>\n\n\n\n<p>A rendezv\u00e9ny folyam\u00e1n sorrendben az al\u00e1bbi n\u00e9gy el\u0151ad\u00e1st hallgathatt\u00e1k meg az \u00e9rdekl\u0151d\u0151k: <\/p>\n\n\n\n<p>KISS Zolt\u00e1n: A szovjetvil\u00e1g kezdetei Magyarorsz\u00e1gon. Nagy Ferenc minisztereln\u00f6k \u00e9s csal\u00e1dja a v\u00f6r\u00f6s viharban<\/p>\n\n\n\n<p>PINT\u00c9R L\u00e1szl\u00f3: Holtak, akik alkot\u00e1saikkal \u00e9lni seg\u00edtenek<\/p>\n\n\n\n<p>ERD\u0150S Zolt\u00e1n: \u00d6r\u00f6ks\u00e9g \u00e9s identit\u00e1s h\u00e1rom baranyai fest\u0151 \u00e9letm\u0171v\u00e9ben. M\u00f3dszertani felvet\u00e9sek egy kutat\u00e1si program kezdet\u00e9n<\/p>\n\n\n\n<p>G\u00c1L Andr\u00e1s: Dr. Buday L\u00e1szl\u00f3 p\u00e9csi statisztikus<\/p>\n\n\n\n<p>A konferencia megval\u00f3s\u00edt\u00e1s\u00e1t a Minisztereln\u00f6ks\u00e9g \u00e9s a Bethlen G\u00e1bor Alapkezel\u0151 Zrt. a Nemzeti Egy\u00fcttm\u0171k\u00f6d\u00e9si Alap T\u00e1mogat\u00e1si Program 2024 p\u00e1ly\u00e1zat \u201ecivil szervezetek szakmai programj\u00e1nak megval\u00f3s\u00edt\u00e1s\u00e1ra \u00e9s m\u0171k\u00f6d\u00e9s\u00e9nek biztos\u00edt\u00e1s\u00e1ra\u201d ki\u00edrt alprogramja r\u00e9v\u00e9n t\u00e1mogatta.<\/p>\n\n\n\n<p>Ez\u00faton is k\u00f6sz\u00f6nj\u00fck a p\u00e9csi Megyeh\u00e1za munkat\u00e1rsainak, hogy a konferencia megtart\u00e1s\u00e1hoz a helysz\u00ednt a rendelkez\u00e9s\u00fcnkre bocs\u00e1tott\u00e1k!<\/p>\n","protected":false},"excerpt":{"rendered":"<p>A D\u00e9l-dun\u00e1nt\u00fali T\u00f6rt\u00e9nelmi \u00e9s Sajt\u00f3t\u00f6rt\u00e9neti Egyes\u00fclet Pillanatk\u00e9pek Baranya v\u00e1rmegye helyt\u00f6rt\u00e9net\u00e9b\u0151l (VI.) c\u00edm\u0171 helyismereti konferenci\u00e1j\u00e1ra 2024. december 4-\u00e9n ker\u00fclt sor P\u00e9csett, a Megyeh\u00e1za Sz\u00e9chenyi t\u00e9ri \u00e9p\u00fclet\u00e9ben. A<span class=\"excerpt-hellip\"> [\u2026]<\/span><\/p>\n","protected":false},"author":1,"featured_media":3298,"comment_status":"open","ping_status":"open","sticky":false,"template":"","format":"standard","meta":{"footnotes":""},"categories":[3],"tags":[81,42,23,166,165,24,27],"class_list":["post-3259","post","type-post","status-publish","format-standard","has-post-thumbnail","hentry","category-hirek","tag-baranya","tag-dunantul","tag-eloadas","tag-helyismeret","tag-helytortenet","tag-konferencia","tag-pecs"],"_links":{"self":[{"href":"https:\/\/dtste.hu\/index.php?rest_route=\/wp\/v2\/posts\/3259","targetHints":{"allow":["GET"]}}],"collection":[{"href":"https:\/\/dtste.hu\/index.php?rest_route=\/wp\/v2\/posts"}],"about":[{"href":"https:\/\/dtste.hu\/index.php?rest_route=\/wp\/v2\/types\/post"}],"author":[{"embeddable":true,"href":"https:\/\/dtste.hu\/index.php?rest_route=\/wp\/v2\/users\/1"}],"replies":[{"embeddable":true,"href":"https:\/\/dtste.hu\/index.php?rest_route=%2Fwp%2Fv2%2Fcomments&post=3259"}],"version-history":[{"count":5,"href":"https:\/\/dtste.hu\/index.php?rest_route=\/wp\/v2\/posts\/3259\/revisions"}],"predecessor-version":[{"id":3286,"href":"https:\/\/dtste.hu\/index.php?rest_route=\/wp\/v2\/posts\/3259\/revisions\/3286"}],"wp:featuredmedia":[{"embeddable":true,"href":"https:\/\/dtste.hu\/index.php?rest_route=\/wp\/v2\/media\/3298"}],"wp:attachment":[{"href":"https:\/\/dtste.hu\/index.php?rest_route=%2Fwp%2Fv2%2Fmedia&parent=3259"}],"wp:term":[{"taxonomy":"category","embeddable":true,"href":"https:\/\/dtste.hu\/index.php?rest_route=%2Fwp%2Fv2%2Fcategories&post=3259"},{"taxonomy":"post_tag","embeddable":true,"href":"https:\/\/dtste.hu\/index.php?rest_route=%2Fwp%2Fv2%2Ftags&post=3259"}],"curies":[{"name":"wp","href":"https:\/\/api.w.org\/{rel}","templated":true}]}}