{"id":2853,"date":"2024-03-01T17:00:00","date_gmt":"2024-03-01T17:00:00","guid":{"rendered":"https:\/\/dtste.hu\/?p=2853"},"modified":"2025-01-28T12:54:37","modified_gmt":"2025-01-28T12:54:37","slug":"kiss-zoltan-horvath-kazmer-mohacsa-konferencia-eloadas-video-2","status":"publish","type":"post","link":"https:\/\/dtste.hu\/?p=2853","title":{"rendered":"Kiss Zolt\u00e1n: Horv\u00e1th K\u00e1zm\u00e9r Moh\u00e1csa \u2013 konferencia-el\u0151ad\u00e1s (vide\u00f3)"},"content":{"rendered":"\n<figure class=\"wp-block-embed is-type-video is-provider-youtube wp-block-embed-youtube wp-embed-aspect-16-9 wp-has-aspect-ratio\"><div class=\"wp-block-embed__wrapper\">\n<iframe title=\"Kiss Zolt\u00e1n: Horv\u00e1th K\u00e1zm\u00e9r Moh\u00e1csa\" width=\"1220\" height=\"686\" src=\"https:\/\/www.youtube.com\/embed\/cc76FtjQC6w?feature=oembed\" frameborder=\"0\" allow=\"accelerometer; autoplay; clipboard-write; encrypted-media; gyroscope; picture-in-picture; web-share\" allowfullscreen><\/iframe>\n<\/div><\/figure>\n\n\n\n<p>Egyes\u00fclet\u00fcnk 2024. janu\u00e1r 17-\u00e9n, Pillanatk\u00e9pek Baranya megye helyt\u00f6rt\u00e9net\u00e9b\u0151l (IV.) c\u00edmmel helyismereti konferenci\u00e1t rendezett P\u00e9csett, a Pannon Magyar H\u00e1zban. A tal\u00e1lkoz\u00f3 m\u00e1sodik el\u0151ad\u00e1s\u00e1t Kiss Zolt\u00e1n k\u00f6nyvt\u00e1ros tartotta.<img decoding=\"async\" height=\"16\" width=\"16\" src=\"https:\/\/static.xx.fbcdn.net\/images\/emoji.php\/v9\/tff\/1\/16\/1f3a5.png\" alt=\"\ud83c\udfa5\"><img decoding=\"async\" height=\"16\" width=\"16\" src=\"https:\/\/static.xx.fbcdn.net\/images\/emoji.php\/v9\/t2b\/1\/16\/1f399.png\" alt=\"\ud83c\udf99\"><img decoding=\"async\" height=\"16\" width=\"16\" src=\"https:\/\/static.xx.fbcdn.net\/images\/emoji.php\/v9\/t4f\/1\/16\/1f447.png\" alt=\"\ud83d\udc47\"><\/p>\n\n\n\n<p><strong>\u00d6sszefoglal\u00f3:<\/strong><\/p>\n\n\n\n<p>Moh\u00e1cs 1924-ben emelkedett v\u00e1rosi rangra. A v\u00e1ros els\u0151 polg\u00e1rmestere, Margitay Lajos kit\u0171n\u0151 emberekkel vette k\u00f6r\u00fcl mag\u00e1t, k\u00f6zt\u00fck a frissen \u00e1llam- \u00e9s jogtudom\u00e1nyi doktor\u00e1tust szerzett Horv\u00e1th K\u00e1zm\u00e9rral. El\u0151ad\u00e1somban e kiv\u00e1l\u00f3 k\u00f6zigazgat\u00e1si szakembernek szeretn\u00e9k eml\u00e9ket \u00e1ll\u00edtani, azoknak a m\u00e1ig ikonikus \u00e9p\u00fcleteknek, eml\u00e9km\u0171veknek a felsorol\u00e1s\u00e1val, melyek Moh\u00e1cs arculat\u00e1t meghat\u00e1rozz\u00e1k, s amelyek munk\u00e1lkod\u00e1sa nyomait viselik magukon: a v\u00e1rosh\u00e1za, a fogadalmi templom, a h\u0151s\u00f6k eml\u00e9km\u0171ve, a h\u00e1rom le\u00e1ny szobra, a z\u00e1szl\u00f3tart\u00f3k szobra, a lengyel eml\u00e9km\u0171\u2026<\/p>\n\n\n\n<p>Horv\u00e1th K\u00e1zm\u00e9r 1925 \u00e9s 1940 k\u00f6z\u00f6tt 15 \u00e9vet t\u00f6lt\u00f6tt Moh\u00e1cson, ezalatt mindv\u00e9gig a v\u00e1ros kultur\u00e1lis identit\u00e1s\u00e1n dolgozott, a k\u00f6z\u00f6s eml\u00e9kezet darabk\u00e1it \u00fajs\u00e1gcikkekben, r\u00f6vid k\u00f6nyvecsk\u00e9kben, f\u00fczetekben szedegette \u00f6ssze: bus\u00f3j\u00e1r\u00e1s, Moh\u00e1csi Bokr\u00e9ta, iskol\u00e1n k\u00edv\u00fcli n\u00e9pm\u0171vel\u00e9s, v\u00e1rosi m\u00fazeum, gimn\u00e1zium, ki\u00e1ll\u00edt\u00e1sok, \u00e9vfordul\u00f3s \u00fcnneps\u00e9gek f\u0171z\u0151dnek a nev\u00e9hez.<\/p>\n","protected":false},"excerpt":{"rendered":"<p>Egyes\u00fclet\u00fcnk 2024. janu\u00e1r 17-\u00e9n, Pillanatk\u00e9pek Baranya megye helyt\u00f6rt\u00e9net\u00e9b\u0151l (IV.) c\u00edmmel helyismereti konferenci\u00e1t rendezett P\u00e9csett, a Pannon Magyar H\u00e1zban. A tal\u00e1lkoz\u00f3 m\u00e1sodik el\u0151ad\u00e1s\u00e1t Kiss Zolt\u00e1n k\u00f6nyvt\u00e1ros tartotta.<span class=\"excerpt-hellip\"> [\u2026]<\/span><\/p>\n","protected":false},"author":1,"featured_media":2857,"comment_status":"open","ping_status":"open","sticky":false,"template":"","format":"standard","meta":{"footnotes":""},"categories":[3],"tags":[81,42,23,166,165,24,27],"class_list":["post-2853","post","type-post","status-publish","format-standard","has-post-thumbnail","hentry","category-hirek","tag-baranya","tag-dunantul","tag-eloadas","tag-helyismeret","tag-helytortenet","tag-konferencia","tag-pecs"],"_links":{"self":[{"href":"https:\/\/dtste.hu\/index.php?rest_route=\/wp\/v2\/posts\/2853","targetHints":{"allow":["GET"]}}],"collection":[{"href":"https:\/\/dtste.hu\/index.php?rest_route=\/wp\/v2\/posts"}],"about":[{"href":"https:\/\/dtste.hu\/index.php?rest_route=\/wp\/v2\/types\/post"}],"author":[{"embeddable":true,"href":"https:\/\/dtste.hu\/index.php?rest_route=\/wp\/v2\/users\/1"}],"replies":[{"embeddable":true,"href":"https:\/\/dtste.hu\/index.php?rest_route=%2Fwp%2Fv2%2Fcomments&post=2853"}],"version-history":[{"count":2,"href":"https:\/\/dtste.hu\/index.php?rest_route=\/wp\/v2\/posts\/2853\/revisions"}],"predecessor-version":[{"id":3280,"href":"https:\/\/dtste.hu\/index.php?rest_route=\/wp\/v2\/posts\/2853\/revisions\/3280"}],"wp:featuredmedia":[{"embeddable":true,"href":"https:\/\/dtste.hu\/index.php?rest_route=\/wp\/v2\/media\/2857"}],"wp:attachment":[{"href":"https:\/\/dtste.hu\/index.php?rest_route=%2Fwp%2Fv2%2Fmedia&parent=2853"}],"wp:term":[{"taxonomy":"category","embeddable":true,"href":"https:\/\/dtste.hu\/index.php?rest_route=%2Fwp%2Fv2%2Fcategories&post=2853"},{"taxonomy":"post_tag","embeddable":true,"href":"https:\/\/dtste.hu\/index.php?rest_route=%2Fwp%2Fv2%2Ftags&post=2853"}],"curies":[{"name":"wp","href":"https:\/\/api.w.org\/{rel}","templated":true}]}}