{"id":2836,"date":"2024-03-01T10:25:38","date_gmt":"2024-03-01T10:25:38","guid":{"rendered":"https:\/\/dtste.hu\/?p=2836"},"modified":"2024-03-03T09:06:34","modified_gmt":"2024-03-03T09:06:34","slug":"szalanczi-krisztian-adalekok-nagy-ferenc-miniszterelnok-csaladtortenetehez-konferencia-eloadas-video","status":"publish","type":"post","link":"https:\/\/dtste.hu\/?p=2836","title":{"rendered":"Szal\u00e1nczi Kriszti\u00e1n: Adal\u00e9kok Nagy Ferenc minisztereln\u00f6k csal\u00e1dt\u00f6rt\u00e9net\u00e9hez \u2013 konferencia-el\u0151ad\u00e1s (vide\u00f3)"},"content":{"rendered":"\n<figure class=\"wp-block-embed is-type-video is-provider-youtube wp-block-embed-youtube wp-embed-aspect-16-9 wp-has-aspect-ratio\"><div class=\"wp-block-embed__wrapper\">\n<iframe title=\"Szal\u00e1nczi Kriszti\u00e1n: Adal\u00e9kok Nagy Ferenc minisztereln\u00f6k csal\u00e1dt\u00f6rt\u00e9net\u00e9hez\" width=\"1220\" height=\"686\" src=\"https:\/\/www.youtube.com\/embed\/BWUIy9e8oqQ?feature=oembed\" frameborder=\"0\" allow=\"accelerometer; autoplay; clipboard-write; encrypted-media; gyroscope; picture-in-picture; web-share\" allowfullscreen><\/iframe>\n<\/div><\/figure>\n\n\n\n<p>Egyes\u00fclet\u00fcnk 2024. janu\u00e1r 17-\u00e9n, Pillanatk\u00e9pek Baranya megye helyt\u00f6rt\u00e9net\u00e9b\u0151l (IV.) c\u00edmmel helyismereti konferenci\u00e1t rendezett P\u00e9csett, a Pannon Magyar H\u00e1zban. A tal\u00e1lkoz\u00f3 els\u0151 el\u0151ad\u00e1s\u00e1t Szal\u00e1nczi Kriszti\u00e1n t\u00f6rt\u00e9n\u00e9sz tartotta.<img decoding=\"async\" height=\"16\" width=\"16\" src=\"https:\/\/static.xx.fbcdn.net\/images\/emoji.php\/v9\/tff\/1\/16\/1f3a5.png\" alt=\"\ud83c\udfa5\"><img decoding=\"async\" height=\"16\" width=\"16\" src=\"https:\/\/static.xx.fbcdn.net\/images\/emoji.php\/v9\/t2b\/1\/16\/1f399.png\" alt=\"\ud83c\udf99\"><img decoding=\"async\" height=\"16\" width=\"16\" src=\"https:\/\/static.xx.fbcdn.net\/images\/emoji.php\/v9\/t4f\/1\/16\/1f447.png\" alt=\"\ud83d\udc47\"><\/p>\n\n\n\n<p><strong>\u00d6sszefoglal\u00f3:<\/strong><\/p>\n\n\n\n<p>Nagy Ferenc, Magyarorsz\u00e1g 1946\u20131947 k\u00f6z\u00f6tti minisztereln\u00f6ke t\u00f6bb mint sz\u00e1zh\u00fasz esztend\u0151vel ezel\u0151tt, 1903. okt\u00f3ber 8-\u00e1n sz\u00fcletett a Baranya v\u00e1rmegyei <a><\/a>Bisse k\u00f6zs\u00e9gben. Az egyik legkalandosabb \u00e9let\u0171 magyar korm\u00e1nyf\u0151t tisztelhetj\u00fck a szem\u00e9ly\u00e9ben, aki bissei kisgazd\u00e1b\u00f3l v\u00e1lt el\u0151bb \u00fajs\u00e1g\u00edr\u00f3v\u00e1, majd politikuss\u00e1 \u2013 karrierje cs\u00facspontj\u00e1n pedig az orsz\u00e1g vezet\u0151j\u00e9v\u00e9.<\/p>\n\n\n\n<p>Jelen el\u0151ad\u00e1s Nagy Ferenc csal\u00e1dt\u00f6rt\u00e9net\u00e9t helyezi a f\u00f3kuszba. A n\u00e9vad\u00f3 \u00e1gon a minisztereln\u00f6k felmen\u0151i embereml\u00e9kezet \u00f3ta a Tenkes-hegy l\u00e1b\u00e1n\u00e1l fekv\u0151 Biss\u00e9n \u00e9ltek. \u0150sei mindannyian parasztemberek voltak; magas m\u00e9lt\u00f3s\u00e1got soha egyik\u00fck sem viselt. \u00c9let\u00fck egyes r\u00e9szletei, amelyek az anyak\u00f6nyvek lapjain szerepl\u0151 bejegyz\u00e9sek, valamint Nagy Ferenc visszaeml\u00e9kez\u00e9sei r\u00e9v\u00e9n elevenednek meg el\u0151tt\u00fcnk, rendk\u00edv\u00fcl \u00e9rdekesek, tanuls\u00e1gosak. It\u00e1li\u00e1ban szolg\u00e1lt veter\u00e1n hadfi, rabl\u00f3band\u00e1ba be\u00e1llt, t\u00f6ml\u00f6cben elhunyt f\u00e9rfi miatt meg\u00f6zvegy\u00fclt, majd \u00fajrah\u00e1zasodott d\u00e9dnagyanya, a templomi harangoz\u00f3t eln\u00e1sp\u00e1ngol\u00f3 nagyapa egyar\u00e1nt akad k\u00f6z\u00f6tt\u00fck.<\/p>\n\n\n\n<p>Az el\u0151ad\u00e1s aprop\u00f3j\u00e1t egyes\u00fclet\u00fcnk 2023 \u0151sz\u00e9n megjelent kiadv\u00e1nya szolg\u00e1ltatta, melynek c\u00edme: A bissei kisgazda, aki Magyarorsz\u00e1g minisztereln\u00f6ke lett. Nagy Ferenc (1903\u20131979) csal\u00e1dt\u00f6rt\u00e9nete \u00e9s \u00e9let\u00e9nek baranyai vonatkoz\u00e1sai.<\/p>\n","protected":false},"excerpt":{"rendered":"<p>Egyes\u00fclet\u00fcnk 2024. janu\u00e1r 17-\u00e9n, Pillanatk\u00e9pek Baranya megye helyt\u00f6rt\u00e9net\u00e9b\u0151l (IV.) c\u00edmmel helyismereti konferenci\u00e1t rendezett P\u00e9csett, a Pannon Magyar H\u00e1zban. A tal\u00e1lkoz\u00f3 els\u0151 el\u0151ad\u00e1s\u00e1t Szal\u00e1nczi Kriszti\u00e1n t\u00f6rt\u00e9n\u00e9sz tartotta.<span class=\"excerpt-hellip\"> [\u2026]<\/span><\/p>\n","protected":false},"author":1,"featured_media":2837,"comment_status":"open","ping_status":"open","sticky":false,"template":"","format":"standard","meta":{"footnotes":""},"categories":[3],"tags":[81,42,23,166,165,24,27],"class_list":["post-2836","post","type-post","status-publish","format-standard","has-post-thumbnail","hentry","category-hirek","tag-baranya","tag-dunantul","tag-eloadas","tag-helyismeret","tag-helytortenet","tag-konferencia","tag-pecs"],"_links":{"self":[{"href":"https:\/\/dtste.hu\/index.php?rest_route=\/wp\/v2\/posts\/2836","targetHints":{"allow":["GET"]}}],"collection":[{"href":"https:\/\/dtste.hu\/index.php?rest_route=\/wp\/v2\/posts"}],"about":[{"href":"https:\/\/dtste.hu\/index.php?rest_route=\/wp\/v2\/types\/post"}],"author":[{"embeddable":true,"href":"https:\/\/dtste.hu\/index.php?rest_route=\/wp\/v2\/users\/1"}],"replies":[{"embeddable":true,"href":"https:\/\/dtste.hu\/index.php?rest_route=%2Fwp%2Fv2%2Fcomments&post=2836"}],"version-history":[{"count":2,"href":"https:\/\/dtste.hu\/index.php?rest_route=\/wp\/v2\/posts\/2836\/revisions"}],"predecessor-version":[{"id":2840,"href":"https:\/\/dtste.hu\/index.php?rest_route=\/wp\/v2\/posts\/2836\/revisions\/2840"}],"wp:featuredmedia":[{"embeddable":true,"href":"https:\/\/dtste.hu\/index.php?rest_route=\/wp\/v2\/media\/2837"}],"wp:attachment":[{"href":"https:\/\/dtste.hu\/index.php?rest_route=%2Fwp%2Fv2%2Fmedia&parent=2836"}],"wp:term":[{"taxonomy":"category","embeddable":true,"href":"https:\/\/dtste.hu\/index.php?rest_route=%2Fwp%2Fv2%2Fcategories&post=2836"},{"taxonomy":"post_tag","embeddable":true,"href":"https:\/\/dtste.hu\/index.php?rest_route=%2Fwp%2Fv2%2Ftags&post=2836"}],"curies":[{"name":"wp","href":"https:\/\/api.w.org\/{rel}","templated":true}]}}