{"id":2694,"date":"2024-01-30T14:51:34","date_gmt":"2024-01-30T14:51:34","guid":{"rendered":"https:\/\/dtste.hu\/?p=2694"},"modified":"2024-03-27T18:57:40","modified_gmt":"2024-03-27T18:57:40","slug":"dr-novak-pal-a-digitalis-technologiai-valtozasok-kihivasai-hazankban-konferencia-eloadas-absztraktja","status":"publish","type":"post","link":"https:\/\/dtste.hu\/?p=2694","title":{"rendered":"Dr. Nov\u00e1k P\u00e1l: A digit\u00e1lis technol\u00f3giai v\u00e1ltoz\u00e1sok kih\u00edv\u00e1sai haz\u00e1nkban \u2013 konferencia-el\u0151ad\u00e1s absztraktja"},"content":{"rendered":"\n<p>Egyes\u00fclet\u00fcnk 2024. janu\u00e1r 31-\u00e9n, 17.00 \u00f3r\u00e1t\u00f3l Pillanatk\u00e9pek Baranya megye helyt\u00f6rt\u00e9net\u00e9b\u0151l (V.) c\u00edmmel helyismereti konferenci\u00e1t rendez P\u00e9csett, a Pannon Magyar H\u00e1zban. A tal\u00e1lkoz\u00f3 negyedik el\u0151ad\u00e1s\u00e1t dr. Nov\u00e1k P\u00e1l jog\u00e1sz, a P\u00e9csi Tudom\u00e1nyegyetem tan\u00e1rseg\u00e9dje tartja.<img decoding=\"async\" height=\"16\" width=\"16\" src=\"https:\/\/static.xx.fbcdn.net\/images\/emoji.php\/v9\/t58\/1.5\/16\/1f3a5.png\" alt=\"\ud83c\udfa5\"><img decoding=\"async\" height=\"16\" width=\"16\" src=\"https:\/\/static.xx.fbcdn.net\/images\/emoji.php\/v9\/t84\/1.5\/16\/1f399.png\" alt=\"\ud83c\udf99\"><\/p>\n\n\n\n<p>A konferenci\u00e1n a r\u00e9szv\u00e9tel ingyenes, minden \u00e9rdekl\u0151d\u0151t nagy szeretettel v\u00e1runk!<\/p>\n\n\n\n<p>\u00d6sszefoglal\u00f3:<\/p>\n\n\n\n<p>\u201eA 21. sz\u00e1zad 4. ipari forradalm\u00e1nak digit\u00e1lis vil\u00e1ga \u00e9rdekfesz\u00edt\u0151en alak\u00edtja \u00e1t t\u00e1rsadalmunk alapvet\u0151 rendj\u00e9t, h\u00e9tk\u00f6znapjainkat \u00e9s a tudom\u00e1nyt is. T\u00f6bbek k\u00f6z\u00f6tt olyan alapvet\u0151 k\u00e9rd\u00e9seket reform\u00e1l, amelyek a t\u00e1rsadalmi egy\u00fctt\u00e9l\u00e9s\u00fcnk legfontosabb elemeit teszi ki. A vil\u00e1g meg\u00e1ll\u00edthatatlanul digitaliz\u00e1l\u00f3dik, az inform\u00e1ci\u00f3 szerepe annyira meger\u0151s\u00f6d\u00f6tt, hogy t\u00e1rsadalmunk minden szegmens\u00e9t \u00e1talak\u00edtja. E digitaliz\u00e1ci\u00f3s dinamizmus az \u00e1llamir\u00e1ny\u00edt\u00e1s \u00e9s k\u00f6zigazgat\u00e1si rendszer reformj\u00e1t is megk\u00f6veteli. Az el\u0151ad\u00e1s az inform\u00e1ci\u00f3s t\u00e1rsadalom kialakul\u00e1s\u00e1nak elemz\u00e9s\u00e9n kereszt\u00fcl vizsg\u00e1lja a hazai k\u00f6zigazgat\u00e1si rendszer digit\u00e1lis fejl\u0151d\u00e9s\u00e9t \u00e9s kiemelten foglalkozik Baranya v\u00e1rmegye \u00e9rintetts\u00e9g\u00e9vel.\u201d<\/p>\n\n\n\n<p>A szervez\u0151k a programv\u00e1ltoztat\u00e1s jog\u00e1t fenntartj\u00e1k. A rendezv\u00e9nyen k\u00e9p- \u00e9s hangfelv\u00e9tel k\u00e9sz\u00fcl. A l\u00e1togat\u00f3kat a terem befogad\u00f3k\u00e9pess\u00e9g\u00e9nek hat\u00e1r\u00e1ig tudjuk fogadni, \u00e9rkez\u00e9si sorrendben.<\/p>\n\n\n\n<p>A mell\u00e9kelt k\u00e9p saj\u00e1t tervez\u00e9s.<\/p>\n\n\n\n<p class=\"has-text-align-center\"><strong>Az el\u0151ad\u00e1s helysz\u00edne: Pannon Magyar H\u00e1z (7621 P\u00e9cs, J\u00e1nos utca 22.<\/strong>)<\/p>\n\n\n\n<p class=\"has-text-align-center\"><strong>Id\u0151pont: 2024. janu\u00e1r 31. (szerda), 18.40<\/strong><\/p>\n\n\n<div class=\"wp-block-image\">\n<figure class=\"aligncenter size-large is-resized\"><img fetchpriority=\"high\" decoding=\"async\" width=\"1024\" height=\"205\" src=\"https:\/\/dtste.hu\/wp-content\/uploads\/2024\/01\/NEA_ME_BGA-1024x205.png\" alt=\"\" class=\"wp-image-2553\" style=\"width:612px;height:auto\" srcset=\"https:\/\/dtste.hu\/wp-content\/uploads\/2024\/01\/NEA_ME_BGA-1024x205.png 1024w, https:\/\/dtste.hu\/wp-content\/uploads\/2024\/01\/NEA_ME_BGA-300x60.png 300w, https:\/\/dtste.hu\/wp-content\/uploads\/2024\/01\/NEA_ME_BGA-768x154.png 768w, https:\/\/dtste.hu\/wp-content\/uploads\/2024\/01\/NEA_ME_BGA-1536x307.png 1536w, https:\/\/dtste.hu\/wp-content\/uploads\/2024\/01\/NEA_ME_BGA-2048x410.png 2048w, https:\/\/dtste.hu\/wp-content\/uploads\/2024\/01\/NEA_ME_BGA-150x30.png 150w, https:\/\/dtste.hu\/wp-content\/uploads\/2024\/01\/NEA_ME_BGA-700x140.png 700w\" sizes=\"(max-width:767px) 700px, (max-width:1024px) 100vw, 1024px\" \/><\/figure><\/div>","protected":false},"excerpt":{"rendered":"<p>Egyes\u00fclet\u00fcnk 2024. janu\u00e1r 31-\u00e9n, 17.00 \u00f3r\u00e1t\u00f3l Pillanatk\u00e9pek Baranya megye helyt\u00f6rt\u00e9net\u00e9b\u0151l (V.) c\u00edmmel helyismereti konferenci\u00e1t rendez P\u00e9csett, a Pannon Magyar H\u00e1zban. A tal\u00e1lkoz\u00f3 negyedik el\u0151ad\u00e1s\u00e1t dr. Nov\u00e1k<span class=\"excerpt-hellip\"> [\u2026]<\/span><\/p>\n","protected":false},"author":1,"featured_media":2705,"comment_status":"open","ping_status":"open","sticky":false,"template":"","format":"standard","meta":{"footnotes":""},"categories":[3],"tags":[42,23,166,165,24,27],"class_list":["post-2694","post","type-post","status-publish","format-standard","has-post-thumbnail","hentry","category-hirek","tag-dunantul","tag-eloadas","tag-helyismeret","tag-helytortenet","tag-konferencia","tag-pecs"],"_links":{"self":[{"href":"https:\/\/dtste.hu\/index.php?rest_route=\/wp\/v2\/posts\/2694","targetHints":{"allow":["GET"]}}],"collection":[{"href":"https:\/\/dtste.hu\/index.php?rest_route=\/wp\/v2\/posts"}],"about":[{"href":"https:\/\/dtste.hu\/index.php?rest_route=\/wp\/v2\/types\/post"}],"author":[{"embeddable":true,"href":"https:\/\/dtste.hu\/index.php?rest_route=\/wp\/v2\/users\/1"}],"replies":[{"embeddable":true,"href":"https:\/\/dtste.hu\/index.php?rest_route=%2Fwp%2Fv2%2Fcomments&post=2694"}],"version-history":[{"count":7,"href":"https:\/\/dtste.hu\/index.php?rest_route=\/wp\/v2\/posts\/2694\/revisions"}],"predecessor-version":[{"id":2897,"href":"https:\/\/dtste.hu\/index.php?rest_route=\/wp\/v2\/posts\/2694\/revisions\/2897"}],"wp:featuredmedia":[{"embeddable":true,"href":"https:\/\/dtste.hu\/index.php?rest_route=\/wp\/v2\/media\/2705"}],"wp:attachment":[{"href":"https:\/\/dtste.hu\/index.php?rest_route=%2Fwp%2Fv2%2Fmedia&parent=2694"}],"wp:term":[{"taxonomy":"category","embeddable":true,"href":"https:\/\/dtste.hu\/index.php?rest_route=%2Fwp%2Fv2%2Fcategories&post=2694"},{"taxonomy":"post_tag","embeddable":true,"href":"https:\/\/dtste.hu\/index.php?rest_route=%2Fwp%2Fv2%2Ftags&post=2694"}],"curies":[{"name":"wp","href":"https:\/\/api.w.org\/{rel}","templated":true}]}}