{"id":2620,"date":"2024-01-14T05:57:40","date_gmt":"2024-01-14T05:57:40","guid":{"rendered":"https:\/\/dtste.hu\/?p=2620"},"modified":"2024-01-15T08:46:30","modified_gmt":"2024-01-15T08:46:30","slug":"pillanatkepek-baranya-megye-helytortenetebol-iv-programfuzet","status":"publish","type":"post","link":"https:\/\/dtste.hu\/?p=2620","title":{"rendered":"Pillanatk\u00e9pek Baranya megye helyt\u00f6rt\u00e9net\u00e9b\u0151l (IV.) &#8211; programf\u00fczet"},"content":{"rendered":"\n<p class=\"has-text-align-center\"><strong>A konferencia programja<\/strong><\/p>\n\n\n\n<p class=\"has-text-align-center\"><strong>2024. janu\u00e1r 17. (szerda)<\/strong><\/p>\n\n\n\n<p class=\"has-text-align-center\"><strong>Pannon Magyar H\u00e1z (7621 P\u00e9cs, J\u00e1nos utca 22.)<\/strong><\/p>\n\n\n\n<p class=\"has-text-align-center\"><strong>Megnyit\u00f3<\/strong><\/p>\n\n\n\n<p>17.00&nbsp; &nbsp;&nbsp;K\u00f6sz\u00f6nt\u0151<\/p>\n\n\n\n<p>Szal\u00e1nczi Kriszti\u00e1n, a D\u00e9l-dun\u00e1nt\u00fali T\u00f6rt\u00e9nelmi \u00e9s Sajt\u00f3t\u00f6rt\u00e9neti Egyes\u00fclet eln\u00f6ke<\/p>\n\n\n\n<p>Pucz P\u00e9ter, a D\u00e9l-dun\u00e1nt\u00fali T\u00f6rt\u00e9nelmi \u00e9s Sajt\u00f3t\u00f6rt\u00e9neti Egyes\u00fclet aleln\u00f6ke<\/p>\n\n\n\n<p class=\"has-text-align-center\"><strong>El\u0151ad\u00e1sok (I. r\u00e9sz)<\/strong><\/p>\n\n\n\n<p class=\"has-text-align-center\">Moder\u00e1tor: Pucz P\u00e9ter<\/p>\n\n\n\n<p>17.15&nbsp;&nbsp;SZAL\u00c1NCZI Kriszti\u00e1n: Adal\u00e9kok Nagy Ferenc minisztereln\u00f6k csal\u00e1dt\u00f6rt\u00e9net\u00e9hez<\/p>\n\n\n\n<p>17.40&nbsp; KISS Zolt\u00e1n: Horv\u00e1th K\u00e1zm\u00e9r Moh\u00e1csa<\/p>\n\n\n\n<p>18.05&nbsp; Sz\u00fcnet<\/p>\n\n\n\n<p class=\"has-text-align-center\"><strong>El\u0151ad\u00e1sok <\/strong><strong>(<\/strong><strong>II. <\/strong><strong>r\u00e9sz)<\/strong><\/p>\n\n\n\n<p class=\"has-text-align-center\">Moder\u00e1tor: Szal\u00e1nczi Kriszti\u00e1n<\/p>\n\n\n\n<p>18.15&nbsp;&nbsp;PINT\u00c9R L\u00e1szl\u00f3: P\u00e9cs orsz\u00e1gos h\u00edr\u0171 irodalmi \u00e9s m\u0171v\u00e9szeti foly\u00f3iratai \u00e9s Csorba Gy\u0151z\u0151 1941\u20131990 k\u00f6z\u00f6tt. A Sorsunk megsz\u0171n\u00e9se, a k\u00e9t Dun\u00e1nt\u00fal, az \u00cdv \u00e9s a Jelenkor<a href=\"https:\/\/dtste.hu\/wp-admin\/edit.php?post_type=post\"><\/a><\/p>\n\n\n\n<p>18.40&nbsp;&nbsp;ERD\u0150S Zolt\u00e1n: Egy f\u00e9l \u00e9letm\u0171. Szab\u00f3 P\u00e1l Zolt\u00e1n t\u00f6rt\u00e9net-f\u00f6ldrajzi koncepci\u00f3ja<\/p>\n\n\n\n<p>19.05&nbsp;&nbsp;Z\u00e1rsz\u00f3<\/p>\n\n\n\n<p class=\"has-text-align-center\"><strong>\u00d6sszefoglal\u00f3k<\/strong><\/p>\n\n\n\n<p class=\"has-text-align-center\">SZAL\u00c1NCZI KRISZTI\u00c1N t\u00f6rt\u00e9n\u00e9sz<\/p>\n\n\n\n<p class=\"has-text-align-center\"><strong>Adal\u00e9kok Nagy Ferenc minisztereln\u00f6k csal\u00e1dt\u00f6rt\u00e9net\u00e9hez<\/strong><\/p>\n\n\n\n<p>Nagy Ferenc, Magyarorsz\u00e1g 1946\u20131947 k\u00f6z\u00f6tti minisztereln\u00f6ke t\u00f6bb mint sz\u00e1zh\u00fasz esztend\u0151vel ezel\u0151tt, 1903. okt\u00f3ber 8-\u00e1n sz\u00fcletett a Baranya v\u00e1rmegyei Bisse k\u00f6zs\u00e9gben. Az egyik legkalandosabb \u00e9let\u0171 magyar korm\u00e1nyf\u0151t tisztelhetj\u00fck a szem\u00e9ly\u00e9ben, aki bissei kisgazd\u00e1b\u00f3l v\u00e1lt el\u0151bb \u00fajs\u00e1g\u00edr\u00f3v\u00e1, majd politikuss\u00e1 \u2013 karrierje cs\u00facspontj\u00e1n pedig az orsz\u00e1g<br>vezet\u0151j\u00e9v\u00e9.<\/p>\n\n\n\n<p>Jelen el\u0151ad\u00e1s Nagy Ferenc csal\u00e1dt\u00f6rt\u00e9net\u00e9t helyezi a f\u00f3kuszba. A n\u00e9vad\u00f3 \u00e1gon a minisztereln\u00f6k felmen\u0151i embereml\u00e9kezet \u00f3ta a Tenkes-hegy l\u00e1b\u00e1n\u00e1l fekv\u0151 Biss\u00e9n \u00e9ltek. \u0150sei mindannyian parasztemberek voltak; magas m\u00e9lt\u00f3s\u00e1got soha egyik\u00fck sem viselt. \u00c9let\u00fck egyes r\u00e9szletei, amelyek az anyak\u00f6nyvek lapjain szerepl\u0151 bejegyz\u00e9sek, valamint Nagy Ferenc visszaeml\u00e9kez\u00e9sei r\u00e9v\u00e9n elevenednek meg el\u0151tt\u00fcnk, rendk\u00edv\u00fcl \u00e9rdekesek, tanuls\u00e1gosak. It\u00e1li\u00e1ban szolg\u00e1lt veter\u00e1n hadfi, rabl\u00f3band\u00e1ba be\u00e1llt, t\u00f6ml\u00f6cben elhunyt f\u00e9rfi miatt meg\u00f6zvegy\u00fclt, majd \u00fajrah\u00e1zasodott d\u00e9dnagyanya, a templomi harangoz\u00f3t eln\u00e1sp\u00e1ngol\u00f3 nagyapa egyar\u00e1nt akad k\u00f6z\u00f6tt\u00fck.<\/p>\n\n\n\n<p>Az el\u0151ad\u00e1s aprop\u00f3j\u00e1t egyes\u00fclet\u00fcnk 2023 \u0151sz\u00e9n megjelent kiadv\u00e1nya szolg\u00e1ltatta, melynek c\u00edme: A bissei kisgazda, aki Magyarorsz\u00e1g minisztereln\u00f6ke lett. Nagy Ferenc (1903\u20131979) csal\u00e1dt\u00f6rt\u00e9nete \u00e9s \u00e9let\u00e9nek baranyai vonatkoz\u00e1sai.<\/p>\n\n\n\n<p class=\"has-text-align-center\">KISS ZOLT\u00c1N k\u00f6nyvt\u00e1ros<\/p>\n\n\n\n<p class=\"has-text-align-center\"><strong>Horv\u00e1th K\u00e1zm\u00e9r Moh\u00e1csa<\/strong><\/p>\n\n\n\n<p>Moh\u00e1cs 1924-ben emelkedett v\u00e1rosi rangra. A v\u00e1ros els\u0151 polg\u00e1rmestere, Margitay Lajos kit\u0171n\u0151 emberekkel vette k\u00f6r\u00fcl mag\u00e1t, k\u00f6zt\u00fck a frissen \u00e1llam- \u00e9s jogtudom\u00e1nyi doktor\u00e1tust szerzett Horv\u00e1th K\u00e1zm\u00e9rral. El\u0151ad\u00e1somban e kiv\u00e1l\u00f3 k\u00f6zigazgat\u00e1si szakembernek szeretn\u00e9k eml\u00e9ket \u00e1ll\u00edtani, azoknak a m\u00e1ig ikonikus \u00e9p\u00fcleteknek, eml\u00e9km\u0171veknek a felsorol\u00e1s\u00e1val, melyek Moh\u00e1cs arculat\u00e1t meghat\u00e1rozz\u00e1k, s amelyek munk\u00e1lkod\u00e1sa nyomait viselik magukon: a v\u00e1rosh\u00e1za, a fogadalmi templom, a h\u0151s\u00f6k eml\u00e9km\u0171ve, a h\u00e1rom le\u00e1ny szobra, a z\u00e1szl\u00f3tart\u00f3k szobra, a lengyel eml\u00e9km\u0171\u2026<\/p>\n\n\n\n<p>Horv\u00e1th K\u00e1zm\u00e9r 1925 \u00e9s 1940 k\u00f6z\u00f6tt 15 \u00e9vet t\u00f6lt\u00f6tt Moh\u00e1cson, ezalatt mindv\u00e9gig a v\u00e1ros kultur\u00e1lis identit\u00e1s\u00e1n dolgozott, a k\u00f6z\u00f6s eml\u00e9kezet darabk\u00e1it \u00fajs\u00e1gcikkekben, r\u00f6vid k\u00f6nyvecsk\u00e9kben, f\u00fczetekben szedegette \u00f6ssze: bus\u00f3j\u00e1r\u00e1s, Moh\u00e1csi Bokr\u00e9ta, iskol\u00e1n k\u00edv\u00fcli n\u00e9pm\u0171vel\u00e9s, v\u00e1rosi m\u00fazeum, gimn\u00e1zium, ki\u00e1ll\u00edt\u00e1sok, \u00e9vfordul\u00f3s \u00fcnneps\u00e9gek f\u0171z\u0151dnek a nev\u00e9hez.<\/p>\n\n\n\n<p class=\"has-text-align-center\">PINT\u00c9R L\u00c1SZL\u00d3 k\u00f6nyvt\u00e1ros<\/p>\n\n\n\n<p class=\"has-text-align-center\"><strong>P\u00e9cs orsz\u00e1gos h\u00edr\u0171 irodalmi \u00e9s m\u0171v\u00e9szeti foly\u00f3iratai 1941\u20131990 k\u00f6z\u00f6tt. A Sorsunk megsz\u0171n\u00e9se, a k\u00e9t Dun\u00e1nt\u00fal, az \u00cdv \u00e9s a Jelenkor<\/strong><\/p>\n\n\n\n<p>P\u00e9csett sem a m\u00e1sodik vil\u00e1gh\u00e1bor\u00fa, sem 1956 szinte semennyi id\u0151re nem tudta megszak\u00edtani a mindig sz\u00ednvonalas, orsz\u00e1gos h\u00edr\u0171 m\u0171v\u00e9szeti, irodalmi lapkiad\u00e1st. Az eg\u00e9szben pedig r\u00e9szt vett alak\u00edt\u00f3k\u00e9nt, szerkeszt\u0151k\u00e9nt \u201emin\u0151s\u00e9gellen\u0151rk\u00e9nt\u201d Csorba Gy\u0151z\u0151. Amint \u0151 mondja: \u201eAmikor a \u00bbp\u00e1rtom\u00ab alak\u00edtott, vagy akart alak\u00edtani egy \u00fajabb irodalmi \u00e9letet, mindig az els\u0151k k\u00f6z\u00f6tt voltam, akiket beid\u00e9ztek.\u201d Ez a k\u00e9t gondolat adja az el\u0151ad\u00e1s \u00edv\u00e9t.<\/p>\n\n\n\n<p>1945 elej\u00e9n ugyan a h\u00e1bor\u00fas \u00e1llapot miatt r\u00f6vid ideig sz\u00fcnetelt a Sorsunk, de Csorba Gy\u0151z\u0151 m\u00e1r 1945 kora \u0151sz\u00e9n kiadja az \u00cdv c\u00edm\u0171 lapot, egy \u00e9ppen egy\u00edves kiadv\u00e1nyra elegend\u0151, szerencs\u00e9sen hozz\u00e1jutott pap\u00edron. Ennek t\u00f6rt\u00e9net\u00e9t egy Csorba-eml\u00e9kez\u00e9ssel mutatom be. Az \u00cdvnek csak egyetlen sz\u00e1ma jelent meg, ahogyan T\u00fcsk\u00e9s Tibor \u00edrta r\u00f3la: \u201eAz els\u0151 \u00e9s egyetlen.\u201d Hiszen m\u00e1r 1945-ben \u00fajra jelentkezett a Sorsunk is; ezt az esem\u00e9nyt szint\u00e9n Csorba szavaival id\u00e9zem meg. A Sorsunk 1948 \u00e1prilis\u00e1ban a lehetetlenn\u00e9 v\u00e1l\u00f3 politikai helyzetben v\u00e9gleg megsz\u0171nt. De k\u00fcl\u00f6nf\u00e9le okok miatt m\u00e1r addig is lassan kimaradt a p\u00e9csi irodalmi \u00e9letb\u0151l a Sorsunk szerkeszt\u0151inek legjelent\u0151sebb tagjai k\u00f6z\u00fcl Kop\u00e1nyi J\u00e1nos, B\u00e1rdosi N\u00e9meth J\u00e1nos \u00e9s V\u00e1rkonyi N\u00e1ndor, vagy ahogyan nevezik: P\u00e9cs szent \u00f6regje. <\/p>\n\n\n\n<p>A Sorsunk megsz\u0171n\u00e9se ut\u00e1n a k\u00e9t Dun\u00e1nt\u00fal indul\u00e1sa k\u00f6vetkezik. Az els\u0151 Dun\u00e1nt\u00fal h\u00e1rom sz\u00e1ma 1949-ben, Katk\u00f3 Istv\u00e1n szerkeszt\u00e9s\u00e9ben jelent meg. A m\u00e1sodik Dun\u00e1nt\u00fal Sz\u00e1nt\u00f3 Tibor szerkeszt\u0151s\u00e9ge alatt, 1952-ben indult. Csorba eml\u00e9kez\u00e9sei eset\u00fckben is fontos r\u00e9sz\u00e9t k\u00e9pezik a t\u00e9m\u00e1nak. Eml\u00edt\u00e9sre ker\u00fcl a Sorsunk utols\u00f3 sz\u00e1m\u00e1nak t\u00f6rt\u00e9net tov\u00e1bb\u00e1 a Jelenkor t\u00f6rt\u00e9nete is 1958 okt\u00f3ber\u00e9ben t\u00f6rt\u00e9nt indul\u00e1s\u00e1t\u00f3l kezdve M\u00e9sz\u00e1ros Ferenc (1958\u20131959), T\u00fcsk\u00e9s Tibor (1960\u20131964) \u00e9s Szederk\u00e9nyi Ervin (1964\u20131987) korszaka alatt.<\/p>\n\n\n\n<p>Az el\u0151ad\u00e1s r\u00e9sz\u00e9t k\u00e9pezi a Jelenkor 20 \u00e9ves \u00e9vfordul\u00f3j\u00e1ra kiadott \u00e9rem, valamint a Sorsunk k\u00e9t form\u00e1tum\u00e1nak \u00e9s az \u00cdvnek a bemutat\u00e1sa, PowerPoint-kivet\u00edt\u00e9ssel \u00e9s eredeti p\u00e9ld\u00e1nyokkal is.<\/p>\n\n\n\n<p class=\"has-text-align-center\">ERD\u0150S ZOLT\u00c1N t\u00f6rt\u00e9n\u00e9sz<\/p>\n\n\n\n<p class=\"has-text-align-center\"><strong>Egy f\u00e9l \u00e9letm\u0171. Szab\u00f3 P\u00e1l Zolt\u00e1n t\u00f6rt\u00e9net-f\u00f6ldrajzi koncepci\u00f3ja<\/strong><\/p>\n\n\n\n<p>A k\u00e9t vil\u00e1gh\u00e1bor\u00fa k\u00f6zti \u00e9vekben a magyar \u00e9rtelmis\u00e9g eg\u00e9sz\u00e9t foglalkoztatta az a k\u00e9rd\u00e9s, hogy milyen t\u00f6rt\u00e9nelmi sorsk\u00e9rd\u00e9sek \u00e1lltak \u00e9s \u00e1llnak a magyars\u00e1g el\u0151tt, egy\u00e1ltal\u00e1n, hogyan defini\u00e1lhat\u00f3 a magyars\u00e1g, mit is jelet magyarnak lenni. A t\u00f6rt\u00e9nettudom\u00e1nyban meghat\u00e1roz\u00f3 n\u00e9pis\u00e9gt\u00f6rt\u00e9neti \u00e9s szellemt\u00f6rt\u00e9neti ir\u00e1nyzattal szemben az 1930-as \u00e9vek k\u00f6zep\u00e9re a geogr\u00e1fus Szab\u00f3 P\u00e1l Zolt\u00e1n saj\u00e1tos t\u00f6rt\u00e9net-f\u00f6ldrajzi koncepci\u00f3t dolgozott ki.<\/p>\n\n\n\n<p>Kiindul\u00f3pontja szerint a t\u00e1j mindig meghat\u00e1rozza a keretei k\u00f6z\u00f6tt megsz\u00fclet\u0151 \u00e9s fejl\u0151d\u0151 kult\u00fara alapvon\u00e1sait. Centr\u00e1lis elhelyezked\u00e9se, v\u00e1ltozatos f\u00f6ldrajzi viszonyai saj\u00e1tos t\u00f6rt\u00e9neti szerepet biztos\u00edtanak \u00e9s egy\u00fattal saj\u00e1tos jelleget adnak a K\u00e1rp\u00e1t-medenc\u00e9nek, ezen bel\u00fcl a Dun\u00e1nt\u00falnak, \u00e9s annak egyik legfontosabb centrumak\u00e9nt P\u00e9csnek. Nem v\u00e9letlen, hogy a \u201ek\u00e9tezer \u00e9ves v\u00e1ros\u201d a t\u00f6rt\u00e9nelem sorsfordul\u00f3i sor\u00e1n \u00fajra \u00e9s \u00fajra hasonl\u00f3 jelleg\u0171, kifinomult kult\u00far\u00e1val b\u00edr\u00f3, polg\u00e1rias civiliz\u00e1ci\u00f3nak adott otthont. A t\u00e1j szinte predesztin\u00e1lta a v\u00e1rost, hogy a t\u00e9rs\u00e9g kiemelked\u0151 kultur\u00e1lis centruma legyen, \u00e9s egyben saj\u00e1tos \u00e9rt\u00e9kekkel gazdag\u00edtsa az eur\u00f3pai civiliz\u00e1ci\u00f3t is.<\/p>\n\n\n\n<p>Szab\u00f3 az 1940-es \u00e9vek v\u00e9g\u00e9n elfordult a m\u0171vel\u0151d\u00e9st\u00f6rt\u00e9neti k\u00e9rd\u00e9sekt\u0151l, kiz\u00e1r\u00f3lag f\u00f6ldrajztudom\u00e1nyi probl\u00e9m\u00e1kkal foglalkozott, kor\u00e1bbi t\u00f6rt\u00e9net-f\u00f6ldrajzi dolgozatai pedig ideol\u00f3giai szempontb\u00f3l nem bizonyultak szalonk\u00e9pesnek. Nem v\u00e9letlen teh\u00e1t, hogy b\u00e1r a geogr\u00e1fia nagy alakjai k\u00f6z\u00f6tt tartja sz\u00e1mon Szab\u00f3 P\u00e1l Zolt\u00e1nt, \u00e1m a m\u0171vel\u0151d\u00e9st\u00f6rt\u00e9neti kutat\u00e1sok napjainkra teljesen elfelejtkeztek a \u201ePannonf\u00f6ld \u00f6t polg\u00e1rs\u00e1g\u00e1r\u00f3l\u201d sz\u00f3l\u00f3, \u00e9s \u201ea k\u00e9tezer \u00e9ves v\u00e1rost\u201d k\u00f6z\u00e9ppontba helyez\u0151 koncepci\u00f3r\u00f3l.<\/p>\n\n\n\n<p class=\"has-text-align-center\"><strong>Tov\u00e1bbi inform\u00e1ci\u00f3k<\/strong><\/p>\n\n\n\n<p class=\"has-text-align-center\">A rendezv\u00e9nyre a bel\u00e9p\u00e9s d\u00edjtalan. A programv\u00e1ltoztat\u00e1s jog\u00e1t fenntartjuk. A rendezv\u00e9nyen k\u00e9p- \u00e9s hangfelv\u00e9tel k\u00e9sz\u00fcl. A l\u00e1togat\u00f3kat a terem befogad\u00f3k\u00e9pess\u00e9g\u00e9nek hat\u00e1r\u00e1ig tudjuk fogadni, \u00e9rkez\u00e9si sorrendben.<\/p>\n\n\n\n<p class=\"has-text-align-center\">A mell\u00e9kelt k\u00e9pek a Csorba Gy\u0151z\u0151 K\u00f6nyvt\u00e1r Helyismereti Gy\u0171jtem\u00e9ny\u00e9b\u0151l sz\u00e1rmaznak.<\/p>\n\n\n\n<p class=\"has-text-align-center\">A konferencia programf\u00fczete let\u00f6lthet\u0151 a k\u00f6vetkez\u0151 linkr\u0151l:<\/p>\n\n\n\n<p class=\"has-text-align-center\"><a href=\"https:\/\/drive.google.com\/drive\/folders\/1aB4DZoPEB7iw7jscyc8Y3ZXk5Ko8embN?usp=sharing\">https:\/\/drive.google.com\/drive\/folders\/1aB4DZoPEB7iw7jscyc8Y3ZXk5Ko8embN?usp=sharing<\/a><\/p>\n\n\n\n<p class=\"has-text-align-center\">A konferencia megval\u00f3s\u00edt\u00e1s\u00e1t a Minisztereln\u00f6ks\u00e9g \u00e9s a Bethlen G\u00e1bor Alapkezel\u0151 Zrt. a Nemzeti Egy\u00fcttm\u0171k\u00f6d\u00e9si Alap T\u00e1mogat\u00e1si Program 2023 p\u00e1ly\u00e1zat \u201ecivil szervezetek szakmai programj\u00e1nak megval\u00f3s\u00edt\u00e1s\u00e1ra \u00e9s m\u0171k\u00f6d\u00e9s\u00e9nek biztos\u00edt\u00e1s\u00e1ra\u201d ki\u00edrt alprogramja r\u00e9v\u00e9n t\u00e1mogatta.<\/p>\n\n\n<div class=\"wp-block-image\">\n<figure class=\"aligncenter size-large\"><img fetchpriority=\"high\" decoding=\"async\" width=\"1024\" height=\"205\" src=\"https:\/\/dtste.hu\/wp-content\/uploads\/2022\/09\/Logo-NEA-1024x205.png\" alt=\"\" class=\"wp-image-1278\" srcset=\"https:\/\/dtste.hu\/wp-content\/uploads\/2022\/09\/Logo-NEA-1024x205.png 1024w, https:\/\/dtste.hu\/wp-content\/uploads\/2022\/09\/Logo-NEA-300x60.png 300w, https:\/\/dtste.hu\/wp-content\/uploads\/2022\/09\/Logo-NEA-768x154.png 768w, https:\/\/dtste.hu\/wp-content\/uploads\/2022\/09\/Logo-NEA-1536x307.png 1536w, https:\/\/dtste.hu\/wp-content\/uploads\/2022\/09\/Logo-NEA-2048x410.png 2048w, https:\/\/dtste.hu\/wp-content\/uploads\/2022\/09\/Logo-NEA-260x52.png 260w, https:\/\/dtste.hu\/wp-content\/uploads\/2022\/09\/Logo-NEA-50x10.png 50w, https:\/\/dtste.hu\/wp-content\/uploads\/2022\/09\/Logo-NEA-150x30.png 150w\" sizes=\"(max-width:767px) 700px, (max-width:1024px) 100vw, 1024px\" \/><\/figure><\/div>","protected":false},"excerpt":{"rendered":"<p>A konferencia programja 2024. janu\u00e1r 17. (szerda) Pannon Magyar H\u00e1z (7621 P\u00e9cs, J\u00e1nos utca 22.) Megnyit\u00f3 17.00&nbsp; &nbsp;&nbsp;K\u00f6sz\u00f6nt\u0151 Szal\u00e1nczi Kriszti\u00e1n, a D\u00e9l-dun\u00e1nt\u00fali T\u00f6rt\u00e9nelmi \u00e9s Sajt\u00f3t\u00f6rt\u00e9neti Egyes\u00fclet<span class=\"excerpt-hellip\"> [\u2026]<\/span><\/p>\n","protected":false},"author":1,"featured_media":2627,"comment_status":"open","ping_status":"open","sticky":false,"template":"","format":"standard","meta":{"footnotes":""},"categories":[3],"tags":[42,23,166,165,24,27],"class_list":["post-2620","post","type-post","status-publish","format-standard","has-post-thumbnail","hentry","category-hirek","tag-dunantul","tag-eloadas","tag-helyismeret","tag-helytortenet","tag-konferencia","tag-pecs"],"_links":{"self":[{"href":"https:\/\/dtste.hu\/index.php?rest_route=\/wp\/v2\/posts\/2620","targetHints":{"allow":["GET"]}}],"collection":[{"href":"https:\/\/dtste.hu\/index.php?rest_route=\/wp\/v2\/posts"}],"about":[{"href":"https:\/\/dtste.hu\/index.php?rest_route=\/wp\/v2\/types\/post"}],"author":[{"embeddable":true,"href":"https:\/\/dtste.hu\/index.php?rest_route=\/wp\/v2\/users\/1"}],"replies":[{"embeddable":true,"href":"https:\/\/dtste.hu\/index.php?rest_route=%2Fwp%2Fv2%2Fcomments&post=2620"}],"version-history":[{"count":3,"href":"https:\/\/dtste.hu\/index.php?rest_route=\/wp\/v2\/posts\/2620\/revisions"}],"predecessor-version":[{"id":2731,"href":"https:\/\/dtste.hu\/index.php?rest_route=\/wp\/v2\/posts\/2620\/revisions\/2731"}],"wp:featuredmedia":[{"embeddable":true,"href":"https:\/\/dtste.hu\/index.php?rest_route=\/wp\/v2\/media\/2627"}],"wp:attachment":[{"href":"https:\/\/dtste.hu\/index.php?rest_route=%2Fwp%2Fv2%2Fmedia&parent=2620"}],"wp:term":[{"taxonomy":"category","embeddable":true,"href":"https:\/\/dtste.hu\/index.php?rest_route=%2Fwp%2Fv2%2Fcategories&post=2620"},{"taxonomy":"post_tag","embeddable":true,"href":"https:\/\/dtste.hu\/index.php?rest_route=%2Fwp%2Fv2%2Ftags&post=2620"}],"curies":[{"name":"wp","href":"https:\/\/api.w.org\/{rel}","templated":true}]}}