{"id":2503,"date":"2023-12-25T11:27:37","date_gmt":"2023-12-25T11:27:37","guid":{"rendered":"https:\/\/dtste.hu\/?p=2503"},"modified":"2023-12-25T11:56:32","modified_gmt":"2023-12-25T11:56:32","slug":"ismert-pecsi-helyszinek-terek-epuletek-iv-resz-jokai-tervideo","status":"publish","type":"post","link":"https:\/\/dtste.hu\/?p=2503","title":{"rendered":"Ismert p\u00e9csi helysz\u00ednek, terek, \u00e9p\u00fcletek. IV. r\u00e9sz: J\u00f3kai t\u00e9r (vide\u00f3)"},"content":{"rendered":"\n<figure class=\"wp-block-embed is-type-video is-provider-youtube wp-block-embed-youtube wp-embed-aspect-16-9 wp-has-aspect-ratio\"><div class=\"wp-block-embed__wrapper\">\n<iframe title=\"Ismert p\u00e9csi helysz\u00ednek, terek, \u00e9p\u00fcletek (IV. r\u00e9sz): J\u00f3kai t\u00e9r\" width=\"1220\" height=\"686\" src=\"https:\/\/www.youtube.com\/embed\/8Pv1ToPyDbU?feature=oembed\" frameborder=\"0\" allow=\"accelerometer; autoplay; clipboard-write; encrypted-media; gyroscope; picture-in-picture; web-share\" allowfullscreen><\/iframe>\n<\/div><\/figure>\n\n\n\n<p>A D\u00e9l-dun\u00e1nt\u00fali T\u00f6rt\u00e9nelmi \u00e9s Sajt\u00f3t\u00f6rt\u00e9neti Egyes\u00fclet Ismert p\u00e9csi helysz\u00ednek, terek, \u00e9p\u00fcletek c\u00edm\u0171 vide\u00f3sorozat\u00e1nak harmadik r\u00e9sz\u00e9ben a J\u00f3kai t\u00e9r t\u00f6rt\u00e9net\u00e9t mutatjuk be. <\/p>\n\n\n\n<p>A ma J\u00f3kai t\u00e9rk\u00e9nt ismert ter\u00fclet t\u00f6rt\u00e9nete igen r\u00e9gre ny\u00falik vissza. P\u00e9cs 1686-os visszafoglal\u00e1sa idej\u00e9n mohamed\u00e1n imahely, illetve egy t\u00f6r\u00f6k baz\u00e1r \u00e1llhatott a hely\u00e9n, amelyek azonban az ostrom folyam\u00e1n, vagy azt k\u00f6vet\u0151en elpusztultak, megsz\u0171ntek. Az 1700-as \u00e9vek nagyobbik r\u00e9sz\u00e9ben a helysz\u00ednen hal- \u00e9s h\u00fas\u00e1rus\u00edt\u00f3hely m\u0171k\u00f6d\u00f6tt, illetve az akkor m\u00e9g \u00f6n\u00e1ll\u00f3an l\u00e9tez\u0151, de ma m\u00e1r a J\u00f3kai t\u00e9rhez tartoz\u00f3 Schmidtgass\u00e9n (\u201eKov\u00e1csok utc\u00e1ja\u201d) t\u00f6bb iparoscsal\u00e1d is lakott, akik k\u00f6z\u00f6tt aranym\u0171vesek \u00e9s kov\u00e1csok is akadtak. <\/p>\n\n\n\n<p>A ter\u00fcletet az 1700-as \u00e9vek v\u00e9g\u00e9t\u0151l kezdt\u00e9k \u2013 a f\u0151piacnak helyet ad\u00f3 Sz\u00e9chenyi t\u00e9r \u201e\u00e1rny\u00e9k\u00e1ban\u201d \u2013 \u201eKispiack\u00e9nt\u201d, illetve \u201eKis t\u00e9rk\u00e9nt\u201d emlegetni. V\u00e9g\u00fcl 1893-ban, J\u00f3kai M\u00f3r p\u00e9csi d\u00edszpolg\u00e1rr\u00e1 avat\u00e1sakor keresztelt\u00e9k \u00e1t J\u00f3kai t\u00e9rre. <\/p>\n\n\n\n<p>A t\u00e9ren t\u00f6bb m\u0171eml\u00e9k, illetve m\u0171eml\u00e9k jelleg\u0171 \u00e9p\u00fclet is tal\u00e1lhat\u00f3, amelyek k\u00f6z\u00fcl a legnevezetesebb az \u00fagynevezett Elef\u00e1ntos h\u00e1z, amely az 1700-as \u00e9vekre visszany\u00fal\u00f3 t\u00f6rt\u00e9nete folyam\u00e1n m\u0171k\u00f6d\u00f6tt p\u00e9k\u00fczemk\u00e9nt, vend\u00e9gl\u0151k\u00e9nt, alkalmi sz\u00ednh\u00e1zk\u00e9nt \u00e9s f\u0171szerkeresked\u00e9sk\u00e9nt is. A h\u00e1z c\u00e9g\u00e9re a homlokzat\u00e1n mintegy m\u00e1sf\u00e9l \u00e9vsz\u00e1zada d\u00edszelg\u0151 b\u00e1dogelef\u00e1nt, amely egyben a t\u00e9r ikonikus \u201ec\u00edmer\u00e1llat\u00e1nak\u201d is tekinthet\u0151. A h\u00edress\u00e9 v\u00e1lt orm\u00e1nyos eredetileg fekete sz\u00edn\u0171 volt, a legenda szerint azonban k\u00e9s\u0151bb \u2013 tal\u00e1n a 19. sz\u00e1zad utols\u00f3 negyed\u00e9ben t\u00f6rt\u00e9nhetett az eset \u2013 r\u00e9szeg di\u00e1kok feh\u00e9rre m\u00e1zolt\u00e1k. Mai grafitsz\u00fcrke sz\u00edn\u00e9ben 2002-es restaur\u00e1l\u00e1sa \u00f3ta pomp\u00e1zik.<\/p>\n\n\n\n<p>Ismert p\u00e9csi helysz\u00ednek, terek, \u00e9p\u00fcletek (IV.) A D\u00e9l-dun\u00e1nt\u00fali T\u00f6rt\u00e9nelmi \u00e9s Sajt\u00f3t\u00f6rt\u00e9neti Egyes\u00fclet vide\u00f3sorozata. A vide\u00f3 k\u00e9sz\u00edt\u00e9s\u00e9t a Minisztereln\u00f6ks\u00e9g \u00e9s a Bethlen G\u00e1bor Alapkezel\u0151 Zrt. a V\u00e1rosi Civil Alap 2022 p\u00e1ly\u00e1zat keret\u00e9n bel\u00fcl t\u00e1mogatta.<\/p>\n","protected":false},"excerpt":{"rendered":"<p>A D\u00e9l-dun\u00e1nt\u00fali T\u00f6rt\u00e9nelmi \u00e9s Sajt\u00f3t\u00f6rt\u00e9neti Egyes\u00fclet Ismert p\u00e9csi helysz\u00ednek, terek, \u00e9p\u00fcletek c\u00edm\u0171 vide\u00f3sorozat\u00e1nak harmadik r\u00e9sz\u00e9ben a J\u00f3kai t\u00e9r t\u00f6rt\u00e9net\u00e9t mutatjuk be. A ma J\u00f3kai t\u00e9rk\u00e9nt ismert<span class=\"excerpt-hellip\"> [\u2026]<\/span><\/p>\n","protected":false},"author":1,"featured_media":2506,"comment_status":"open","ping_status":"open","sticky":false,"template":"","format":"standard","meta":{"footnotes":""},"categories":[3],"tags":[81,42,166,165,70,27,146,77],"class_list":["post-2503","post","type-post","status-publish","format-standard","has-post-thumbnail","hentry","category-hirek","tag-baranya","tag-dunantul","tag-helyismeret","tag-helytortenet","tag-mecsek","tag-pecs","tag-ter","tag-tortenelem"],"_links":{"self":[{"href":"https:\/\/dtste.hu\/index.php?rest_route=\/wp\/v2\/posts\/2503","targetHints":{"allow":["GET"]}}],"collection":[{"href":"https:\/\/dtste.hu\/index.php?rest_route=\/wp\/v2\/posts"}],"about":[{"href":"https:\/\/dtste.hu\/index.php?rest_route=\/wp\/v2\/types\/post"}],"author":[{"embeddable":true,"href":"https:\/\/dtste.hu\/index.php?rest_route=\/wp\/v2\/users\/1"}],"replies":[{"embeddable":true,"href":"https:\/\/dtste.hu\/index.php?rest_route=%2Fwp%2Fv2%2Fcomments&post=2503"}],"version-history":[{"count":3,"href":"https:\/\/dtste.hu\/index.php?rest_route=\/wp\/v2\/posts\/2503\/revisions"}],"predecessor-version":[{"id":2507,"href":"https:\/\/dtste.hu\/index.php?rest_route=\/wp\/v2\/posts\/2503\/revisions\/2507"}],"wp:featuredmedia":[{"embeddable":true,"href":"https:\/\/dtste.hu\/index.php?rest_route=\/wp\/v2\/media\/2506"}],"wp:attachment":[{"href":"https:\/\/dtste.hu\/index.php?rest_route=%2Fwp%2Fv2%2Fmedia&parent=2503"}],"wp:term":[{"taxonomy":"category","embeddable":true,"href":"https:\/\/dtste.hu\/index.php?rest_route=%2Fwp%2Fv2%2Fcategories&post=2503"},{"taxonomy":"post_tag","embeddable":true,"href":"https:\/\/dtste.hu\/index.php?rest_route=%2Fwp%2Fv2%2Ftags&post=2503"}],"curies":[{"name":"wp","href":"https:\/\/api.w.org\/{rel}","templated":true}]}}