{"id":2466,"date":"2023-12-09T16:29:10","date_gmt":"2023-12-09T16:29:10","guid":{"rendered":"https:\/\/dtste.hu\/?p=2466"},"modified":"2023-12-13T18:38:19","modified_gmt":"2023-12-13T18:38:19","slug":"ismert-pecsi-helyszinek-terek-epuletek-iii-resz-szechenyi-ter-video","status":"publish","type":"post","link":"https:\/\/dtste.hu\/?p=2466","title":{"rendered":"Ismert p\u00e9csi helysz\u00ednek, terek, \u00e9p\u00fcletek. III. r\u00e9sz: Sz\u00e9chenyi t\u00e9r (vide\u00f3)"},"content":{"rendered":"\n<figure class=\"wp-block-embed is-type-video is-provider-youtube wp-block-embed-youtube wp-embed-aspect-16-9 wp-has-aspect-ratio\"><div class=\"wp-block-embed__wrapper\">\n<iframe title=\"Ismert p\u00e9csi helysz\u00ednek, terek, \u00e9p\u00fcletek (III. r\u00e9sz): Sz\u00e9chenyi t\u00e9r\" width=\"1220\" height=\"686\" src=\"https:\/\/www.youtube.com\/embed\/cv2V6HzLvYc?feature=oembed\" frameborder=\"0\" allow=\"accelerometer; autoplay; clipboard-write; encrypted-media; gyroscope; picture-in-picture; web-share\" allowfullscreen><\/iframe>\n<\/div><\/figure>\n\n\n\n<p>A D\u00e9l-dun\u00e1nt\u00fali T\u00f6rt\u00e9nelmi \u00e9s Sajt\u00f3t\u00f6rt\u00e9neti Egyes\u00fclet Ismert p\u00e9csi helysz\u00ednek, terek, \u00e9p\u00fcletek c\u00edm\u0171 vide\u00f3sorozat\u00e1nak harmadik r\u00e9sz\u00e9ben a Sz\u00e9chenyi t\u00e9r t\u00f6rt\u00e9net\u00e9t mutatjuk be. <\/p>\n\n\n\n<p>A ma Sz\u00e9chenyi t\u00e9rk\u00e9nt ismert ter\u00fclet a kezdetekt\u0151l fogva P\u00e9cs k\u00f6zpontj\u00e1nak sz\u00e1m\u00edtott, m\u00e1r az 1300-as \u00e9vekben is eml\u00edtett\u00e9k V\u00e1s\u00e1rt\u00e9r elnevez\u00e9s alatt. A t\u00e9ren, amely 1865 \u00f3ta viseli Sz\u00e9chenyi Istv\u00e1n nev\u00e9t, sz\u00e1mos nevezetess\u00e9g tal\u00e1lhat\u00f3. \u00cdgy p\u00e9ld\u00e1ul a t\u00f6r\u00f6k korb\u00f3l sz\u00e1rmaz\u00f3 dzs\u00e1mi \u2013 ami a v\u00e1ros 1686-os visszav\u00e9tele \u00f3ta r\u00f3mai katolikus imahelyk\u00e9nt m\u0171k\u00f6dik, s a k\u00f6z\u00e9pkorban is kereszt\u00e9ny templom \u00e1llt a hely\u00e9n \u2013, a Hunyadi- \u00e9s a Szenth\u00e1roms\u00e1g-szobor, valamint a v\u00e1rosh\u00e1za \u00e9p\u00fclete. <\/p>\n\n\n\n<p>Sz\u00e1mos m\u00e1s t\u00f6rt\u00e9nelmi eml\u00e9k \u00e9s anekdota is k\u00f6thet\u0151 a helysz\u00ednhez, v\u00e1rosi legenda p\u00e9ld\u00e1ul, hogy megfelel\u0151 sz\u00f6gb\u0151l szeml\u00e9lve Hunyadi J\u00e1nos szobr\u00e1t \u00e9s a dzs\u00e1mit, \u00fagy t\u0171nik, mintha a t\u00f6r\u00f6kver\u0151 hadvez\u00e9r lova a templom tetej\u00e9n d\u00edszelg\u0151 oszm\u00e1n f\u00e9lholdra k\u00e9sz\u00fclne taposni a pat\u00e1j\u00e1val. Ami azt illeti, ez ut\u00f3bbi nem puszta sz\u00f3besz\u00e9d \u2013 val\u00f3ban lehets\u00e9ges nagyon hasonl\u00f3 felv\u00e9telt k\u00e9sz\u00edteni. <\/p>\n\n\n\n<p>Ismert p\u00e9csi helysz\u00ednek, terek, \u00e9p\u00fcletek (III.) A D\u00e9l-dun\u00e1nt\u00fali T\u00f6rt\u00e9nelmi \u00e9s Sajt\u00f3t\u00f6rt\u00e9neti Egyes\u00fclet vide\u00f3sorozata. A vide\u00f3 k\u00e9sz\u00edt\u00e9s\u00e9t a Minisztereln\u00f6ks\u00e9g \u00e9s a Bethlen G\u00e1bor Alapkezel\u0151 Zrt. a V\u00e1rosi Civil Alap 2022 p\u00e1ly\u00e1zat keret\u00e9n bel\u00fcl t\u00e1mogatta.<\/p>\n","protected":false},"excerpt":{"rendered":"<p>A D\u00e9l-dun\u00e1nt\u00fali T\u00f6rt\u00e9nelmi \u00e9s Sajt\u00f3t\u00f6rt\u00e9neti Egyes\u00fclet Ismert p\u00e9csi helysz\u00ednek, terek, \u00e9p\u00fcletek c\u00edm\u0171 vide\u00f3sorozat\u00e1nak harmadik r\u00e9sz\u00e9ben a Sz\u00e9chenyi t\u00e9r t\u00f6rt\u00e9net\u00e9t mutatjuk be. A ma Sz\u00e9chenyi t\u00e9rk\u00e9nt ismert<span class=\"excerpt-hellip\"> [\u2026]<\/span><\/p>\n","protected":false},"author":1,"featured_media":2476,"comment_status":"open","ping_status":"open","sticky":false,"template":"","format":"standard","meta":{"footnotes":""},"categories":[3],"tags":[81,42,166,165,70,27,146,77],"class_list":["post-2466","post","type-post","status-publish","format-standard","has-post-thumbnail","hentry","category-hirek","tag-baranya","tag-dunantul","tag-helyismeret","tag-helytortenet","tag-mecsek","tag-pecs","tag-ter","tag-tortenelem"],"_links":{"self":[{"href":"https:\/\/dtste.hu\/index.php?rest_route=\/wp\/v2\/posts\/2466","targetHints":{"allow":["GET"]}}],"collection":[{"href":"https:\/\/dtste.hu\/index.php?rest_route=\/wp\/v2\/posts"}],"about":[{"href":"https:\/\/dtste.hu\/index.php?rest_route=\/wp\/v2\/types\/post"}],"author":[{"embeddable":true,"href":"https:\/\/dtste.hu\/index.php?rest_route=\/wp\/v2\/users\/1"}],"replies":[{"embeddable":true,"href":"https:\/\/dtste.hu\/index.php?rest_route=%2Fwp%2Fv2%2Fcomments&post=2466"}],"version-history":[{"count":1,"href":"https:\/\/dtste.hu\/index.php?rest_route=\/wp\/v2\/posts\/2466\/revisions"}],"predecessor-version":[{"id":2468,"href":"https:\/\/dtste.hu\/index.php?rest_route=\/wp\/v2\/posts\/2466\/revisions\/2468"}],"wp:featuredmedia":[{"embeddable":true,"href":"https:\/\/dtste.hu\/index.php?rest_route=\/wp\/v2\/media\/2476"}],"wp:attachment":[{"href":"https:\/\/dtste.hu\/index.php?rest_route=%2Fwp%2Fv2%2Fmedia&parent=2466"}],"wp:term":[{"taxonomy":"category","embeddable":true,"href":"https:\/\/dtste.hu\/index.php?rest_route=%2Fwp%2Fv2%2Fcategories&post=2466"},{"taxonomy":"post_tag","embeddable":true,"href":"https:\/\/dtste.hu\/index.php?rest_route=%2Fwp%2Fv2%2Ftags&post=2466"}],"curies":[{"name":"wp","href":"https:\/\/api.w.org\/{rel}","templated":true}]}}