{"id":1848,"date":"2023-01-20T15:15:00","date_gmt":"2023-01-20T15:15:00","guid":{"rendered":"https:\/\/dtste.hu\/?p=1848"},"modified":"2023-01-23T21:09:51","modified_gmt":"2023-01-23T21:09:51","slug":"pillanatkepek-baranya-megye-helytortenetebol-iii-helyismereti-konferencia-video","status":"publish","type":"post","link":"https:\/\/dtste.hu\/?p=1848","title":{"rendered":"Pillanatk\u00e9pek Baranya megye helyt\u00f6rt\u00e9net\u00e9b\u0151l (III.) \u2013 helyismereti konferencia (vide\u00f3)"},"content":{"rendered":"\n<figure class=\"wp-block-embed is-type-video is-provider-youtube wp-block-embed-youtube wp-embed-aspect-16-9 wp-has-aspect-ratio\"><div class=\"wp-block-embed__wrapper\">\n<iframe title=\"Pillanatk\u00e9pek Baranya megye helyt\u00f6rt\u00e9net\u00e9b\u0151l (III.) \u2013 helyismereti konferencia\" width=\"1220\" height=\"686\" src=\"https:\/\/www.youtube.com\/embed\/dkHswXxn8jA?feature=oembed\" frameborder=\"0\" allow=\"accelerometer; autoplay; clipboard-write; encrypted-media; gyroscope; picture-in-picture; web-share\" allowfullscreen><\/iframe>\n<\/div><\/figure>\n\n\n\n<p>A D\u00e9l-dun\u00e1nt\u00fali T\u00f6rt\u00e9nelmi \u00e9s Sajt\u00f3t\u00f6rt\u00e9neti Egyes\u00fclet Pillanatk\u00e9pek Baranya megye helyt\u00f6rt\u00e9net\u00e9b\u0151l (III.) c\u00edm\u0171 helyismereti konferenci\u00e1j\u00e1ra 2022. december 12-\u00e9n ker\u00fclt sor P\u00e9csett, a Lyceum utca 1. sz\u00e1m alatt tal\u00e1lhat\u00f3 Bar of Legends e-sport b\u00e1rban. A konferencia teljes eg\u00e9sz\u00e9ben megtekinthet\u0151 egyes\u00fclet\u00fcnk Youtube-csatorn\u00e1j\u00e1n.<\/p>\n\n\n\n<p>A rendezv\u00e9ny folyam\u00e1n sorrendben az al\u00e1bbi n\u00e9gy el\u0151ad\u00e1st hallgathatt\u00e1k meg az \u00e9rdekl\u0151d\u0151k: <\/p>\n\n\n\n<p>PUCZ P\u00e9ter: B\u00e9rczes Andr\u00e1s labdar\u00fag\u00f3 csal\u00e1dt\u00f6rt\u00e9nete \u00e9s \u00e9letrajzi portr\u00e9ja<\/p>\n\n\n\n<p>ERD\u0150S Zolt\u00e1n: A v\u00e1dlott: Per\u00e9nyi P\u00e9ter<\/p>\n\n\n\n<p>W\u00c9BER Adrienn: Egy nagy m\u00falt\u00fa p\u00e9csi k\u00f3rus alap\u00edt\u00e1si \u00e9vsz\u00e1m\u00e1nak meghat\u00e1roz\u00e1sa sajt\u00f3forr\u00e1sok alapj\u00e1n<\/p>\n\n\n\n<p>PAP D\u00e1vid Zolt\u00e1n: A fasizmus \u00e9s nemzetiszocializmus meg\u00edt\u00e9l\u00e9se a p\u00e9csi sajt\u00f3ban a k\u00e9t vil\u00e1gh\u00e1bor\u00fa k\u00f6z\u00f6tt<\/p>\n\n\n\n<p>A konferencia megval\u00f3s\u00edt\u00e1s\u00e1t a Minisztereln\u00f6ks\u00e9g \u00e9s a Bethlen G\u00e1bor Alapkezel\u0151 Zrt. a Nemzeti Egy\u00fcttm\u0171k\u00f6d\u00e9si Alap T\u00e1mogat\u00e1si Program 2022 p\u00e1ly\u00e1zat \u201ecivil szervezetek szakmai programj\u00e1nak megval\u00f3s\u00edt\u00e1s\u00e1ra \u00e9s m\u0171k\u00f6d\u00e9s\u00e9nek biztos\u00edt\u00e1s\u00e1ra\u201d ki\u00edrt alprogramja r\u00e9v\u00e9n t\u00e1mogatta. <\/p>\n\n\n\n<p>Ez\u00faton is k\u00f6sz\u00f6nj\u00fck a Bar of Legends e-sport b\u00e1r tulajdonasainak, hogy a konferencia megtart\u00e1s\u00e1hoz a f\u0151term\u00fcket a rendelkez\u00e9s\u00fcnkre bocs\u00e1tott\u00e1k!<\/p>\n","protected":false},"excerpt":{"rendered":"<p>A D\u00e9l-dun\u00e1nt\u00fali T\u00f6rt\u00e9nelmi \u00e9s Sajt\u00f3t\u00f6rt\u00e9neti Egyes\u00fclet Pillanatk\u00e9pek Baranya megye helyt\u00f6rt\u00e9net\u00e9b\u0151l (III.) c\u00edm\u0171 helyismereti konferenci\u00e1j\u00e1ra 2022. december 12-\u00e9n ker\u00fclt sor P\u00e9csett, a Lyceum utca 1. sz\u00e1m alatt<span class=\"excerpt-hellip\"> [\u2026]<\/span><\/p>\n","protected":false},"author":1,"featured_media":1867,"comment_status":"open","ping_status":"open","sticky":false,"template":"","format":"standard","meta":{"footnotes":""},"categories":[3],"tags":[42,23,166,165,24,27],"class_list":["post-1848","post","type-post","status-publish","format-standard","has-post-thumbnail","hentry","category-hirek","tag-dunantul","tag-eloadas","tag-helyismeret","tag-helytortenet","tag-konferencia","tag-pecs"],"_links":{"self":[{"href":"https:\/\/dtste.hu\/index.php?rest_route=\/wp\/v2\/posts\/1848","targetHints":{"allow":["GET"]}}],"collection":[{"href":"https:\/\/dtste.hu\/index.php?rest_route=\/wp\/v2\/posts"}],"about":[{"href":"https:\/\/dtste.hu\/index.php?rest_route=\/wp\/v2\/types\/post"}],"author":[{"embeddable":true,"href":"https:\/\/dtste.hu\/index.php?rest_route=\/wp\/v2\/users\/1"}],"replies":[{"embeddable":true,"href":"https:\/\/dtste.hu\/index.php?rest_route=%2Fwp%2Fv2%2Fcomments&post=1848"}],"version-history":[{"count":2,"href":"https:\/\/dtste.hu\/index.php?rest_route=\/wp\/v2\/posts\/1848\/revisions"}],"predecessor-version":[{"id":1868,"href":"https:\/\/dtste.hu\/index.php?rest_route=\/wp\/v2\/posts\/1848\/revisions\/1868"}],"wp:featuredmedia":[{"embeddable":true,"href":"https:\/\/dtste.hu\/index.php?rest_route=\/wp\/v2\/media\/1867"}],"wp:attachment":[{"href":"https:\/\/dtste.hu\/index.php?rest_route=%2Fwp%2Fv2%2Fmedia&parent=1848"}],"wp:term":[{"taxonomy":"category","embeddable":true,"href":"https:\/\/dtste.hu\/index.php?rest_route=%2Fwp%2Fv2%2Fcategories&post=1848"},{"taxonomy":"post_tag","embeddable":true,"href":"https:\/\/dtste.hu\/index.php?rest_route=%2Fwp%2Fv2%2Ftags&post=1848"}],"curies":[{"name":"wp","href":"https:\/\/api.w.org\/{rel}","templated":true}]}}