{"id":1597,"date":"2022-12-10T18:51:35","date_gmt":"2022-12-10T18:51:35","guid":{"rendered":"https:\/\/dtste.hu\/?p=1597"},"modified":"2022-12-10T19:14:36","modified_gmt":"2022-12-10T19:14:36","slug":"pap-david-zoltan-a-fasizmus-es-nemzetiszocializmus-megitelese-a-pecsi-sajtoban-a-ket-vilaghaboru-kozott-konferencia-eloadas-absztraktja","status":"publish","type":"post","link":"https:\/\/dtste.hu\/?p=1597","title":{"rendered":"Pap D\u00e1vid Zolt\u00e1n:  A fasizmus \u00e9s nemzetiszocializmus meg\u00edt\u00e9l\u00e9se a p\u00e9csi sajt\u00f3ban a k\u00e9t vil\u00e1gh\u00e1bor\u00fa k\u00f6z\u00f6tt \u2013 konferencia-el\u0151ad\u00e1s absztraktja"},"content":{"rendered":"\n<p>Egyes\u00fclet\u00fcnk 2022. december 12-\u00e9n, 17.00 \u00f3r\u00e1t\u00f3l Pillanatk\u00e9pek Baranya megye helyt\u00f6rt\u00e9net\u00e9b\u0151l (III.) c\u00edmmel helyismereti konferenci\u00e1t rendez P\u00e9csett. A tal\u00e1lkoz\u00f3 negyedik el\u0151ad\u00e1s\u00e1t Pap D\u00e1vid Zolt\u00e1n t\u00f6rt\u00e9n\u00e9sz tartja, aki a fasizmus \u00e9s a nemzetiszocializmus k\u00e9t vil\u00e1gh\u00e1bor\u00fa k\u00f6z\u00f6tti p\u00e9csi meg\u00edt\u00e9l\u00e9s\u00e9t mutatja be, a helyi sajt\u00f3ban megjelent \u00fajs\u00e1gcikkek alapj\u00e1n.<img decoding=\"async\" height=\"16\" width=\"16\" src=\"https:\/\/static.xx.fbcdn.net\/images\/emoji.php\/v9\/t58\/1.5\/16\/1f3a5.png\" alt=\"\ud83c\udfa5\"><img decoding=\"async\" height=\"16\" width=\"16\" src=\"https:\/\/static.xx.fbcdn.net\/images\/emoji.php\/v9\/t84\/1.5\/16\/1f399.png\" alt=\"\ud83c\udf99\"><\/p>\n\n\n\n<p>A konferenci\u00e1n a r\u00e9szv\u00e9tel ingyenes, minden \u00e9rdekl\u0151d\u0151t nagy szeretettel v\u00e1runk!<\/p>\n\n\n\n<p>\u00d6sszefoglal\u00f3:<\/p>\n\n\n\n<p>\u201eAz el\u0151ad\u00e1s c\u00e9lja, hogy a <em>Dun\u00e1nt\u00fal <\/em>(1911\u20131944), a <em>P\u00e9csi Katolikus Tud\u00f3s\u00edt\u00f3 (1922\u20131944)<\/em>, valamint a <em>P\u00e9csi Napl\u00f3 <\/em>(1892\u20131944) egyes \u00edr\u00e1saib\u00f3l pillanatk\u00e9peket villantson fel Benito Mussolini, a fasizmus, \u00e9s term\u00e9szetesen Adolf Hitler \u00e9s a nemzetiszocializmus \u2013 az orsz\u00e1gost\u00f3l elt\u00e9r\u0151 \u2013 meg\u00edt\u00e9l\u00e9s\u00e9r\u0151l az 1922 \u00e9s 1939 k\u00f6z\u00f6tti P\u00e9cs tekintet\u00e9ben.\u201d<\/p>\n\n\n\n<p>A szervez\u0151k a programv\u00e1ltoztat\u00e1s jog\u00e1t fenntartj\u00e1k. A rendezv\u00e9nyen k\u00e9p- \u00e9s hangfelv\u00e9tel k\u00e9sz\u00fcl. A l\u00e1togat\u00f3kat a terem befogad\u00f3k\u00e9pess\u00e9g\u00e9nek hat\u00e1r\u00e1ig tudjuk fogadni, \u00e9rkez\u00e9si sorrendben.<\/p>\n\n\n\n<p>A k\u00e9p forr\u00e1sa: P\u00e9csi Napl\u00f3, 1926. aug. 26., 1. o.<\/p>\n\n\n\n<p class=\"has-text-align-center\"><strong>Az el\u0151ad\u00e1s helysz\u00edne: 7621 P\u00e9cs, Lyceum utca 1.<\/strong><\/p>\n\n\n\n<p class=\"has-text-align-center\"><strong>Id\u0151pont: 2022. december 12. (h\u00e9tf\u0151), 18.40<\/strong><\/p>\n","protected":false},"excerpt":{"rendered":"<p>Egyes\u00fclet\u00fcnk 2022. december 12-\u00e9n, 17.00 \u00f3r\u00e1t\u00f3l Pillanatk\u00e9pek Baranya megye helyt\u00f6rt\u00e9net\u00e9b\u0151l (III.) c\u00edmmel helyismereti konferenci\u00e1t rendez P\u00e9csett. A tal\u00e1lkoz\u00f3 negyedik el\u0151ad\u00e1s\u00e1t Pap D\u00e1vid Zolt\u00e1n t\u00f6rt\u00e9n\u00e9sz tartja, aki<span class=\"excerpt-hellip\"> [\u2026]<\/span><\/p>\n","protected":false},"author":1,"featured_media":1602,"comment_status":"open","ping_status":"open","sticky":false,"template":"","format":"standard","meta":{"footnotes":""},"categories":[3],"tags":[42,23,194,166,165,192,74,24,191,193,27],"class_list":["post-1597","post","type-post","status-publish","format-standard","has-post-thumbnail","hentry","category-hirek","tag-dunantul","tag-eloadas","tag-fasizmus","tag-helyismeret","tag-helytortenet","tag-hitler","tag-ismeretterjesztes","tag-konferencia","tag-mussolini","tag-nemzetiszocializmus","tag-pecs"],"_links":{"self":[{"href":"https:\/\/dtste.hu\/index.php?rest_route=\/wp\/v2\/posts\/1597","targetHints":{"allow":["GET"]}}],"collection":[{"href":"https:\/\/dtste.hu\/index.php?rest_route=\/wp\/v2\/posts"}],"about":[{"href":"https:\/\/dtste.hu\/index.php?rest_route=\/wp\/v2\/types\/post"}],"author":[{"embeddable":true,"href":"https:\/\/dtste.hu\/index.php?rest_route=\/wp\/v2\/users\/1"}],"replies":[{"embeddable":true,"href":"https:\/\/dtste.hu\/index.php?rest_route=%2Fwp%2Fv2%2Fcomments&post=1597"}],"version-history":[{"count":2,"href":"https:\/\/dtste.hu\/index.php?rest_route=\/wp\/v2\/posts\/1597\/revisions"}],"predecessor-version":[{"id":1601,"href":"https:\/\/dtste.hu\/index.php?rest_route=\/wp\/v2\/posts\/1597\/revisions\/1601"}],"wp:featuredmedia":[{"embeddable":true,"href":"https:\/\/dtste.hu\/index.php?rest_route=\/wp\/v2\/media\/1602"}],"wp:attachment":[{"href":"https:\/\/dtste.hu\/index.php?rest_route=%2Fwp%2Fv2%2Fmedia&parent=1597"}],"wp:term":[{"taxonomy":"category","embeddable":true,"href":"https:\/\/dtste.hu\/index.php?rest_route=%2Fwp%2Fv2%2Fcategories&post=1597"},{"taxonomy":"post_tag","embeddable":true,"href":"https:\/\/dtste.hu\/index.php?rest_route=%2Fwp%2Fv2%2Ftags&post=1597"}],"curies":[{"name":"wp","href":"https:\/\/api.w.org\/{rel}","templated":true}]}}